{"id":292450,"date":"2025-08-03T00:02:10","date_gmt":"2025-08-03T00:02:10","guid":{"rendered":"https:\/\/www.europesays.com\/fr\/292450\/"},"modified":"2025-08-03T00:02:10","modified_gmt":"2025-08-03T00:02:10","slug":"previsions-du-dimanche-3-aout-2025-6","status":"publish","type":"post","link":"https:\/\/www.europesays.com\/fr\/292450\/","title":{"rendered":"pr\u00e9visions du dimanche 3 ao\u00fbt 2025"},"content":{"rendered":"<p>Montpellier va vivre une splendide journ\u00e9e particuli\u00e8rement ensoleill\u00e9e. Le thermom\u00e8tre affichera 23\u00b0C en moyenne. Le matin, un vent de nord-ouest rafra\u00eechira un peu l&rsquo;atmosph\u00e8re. Les temp\u00e9ratures vont grimper pendant l&rsquo;apr\u00e8s-midi de plusieurs degr\u00e9s. Les valeurs seront comprises entre 28 et 29\u00b0C. On pr\u00e9voit une nuit claire entre dimanche et lundi.<\/p>\n<p>Pour Montpellier, un temps plus chaud est attendu demain \u00e9tant donn\u00e9 que le mercure va enregistrer une augmentation. Les temp\u00e9ratures afficheront entre 19 et 29\u00b0C. Un l\u00e9ger vent de sud-ouest sera ressenti par les habitants. Des \u00e9claircies sont pr\u00e9vues : on passera une matin\u00e9e cl\u00e9mente. Les temp\u00e9ratures seront de 24\u00b0C. C&rsquo;est un soleil \u00e9clatant qui va se montrer demain apr\u00e8s-midi. C&rsquo;est une hausse de quelques degr\u00e9s que vont conna\u00eetre les temp\u00e9ratures. Les maximales pourront atteindre 29\u00b0C et les minimales seront de 27\u00b0C.<\/p>\n<p>Les jours suivants s&rsquo;annoncent similaires. Un ciel ensoleill\u00e9, pour des temp\u00e9ratures de 31\u00b0C environ, est pr\u00e9vu.<\/p>\n<p><\/p>\n","protected":false},"excerpt":{"rendered":"Montpellier va vivre une splendide journ\u00e9e particuli\u00e8rement ensoleill\u00e9e. Le thermom\u00e8tre affichera 23\u00b0C en moyenne. Le matin, un vent&hellip;\n","protected":false},"author":2,"featured_media":292451,"comment_status":"","ping_status":"","sticky":false,"template":"","format":"standard","meta":{"footnotes":""},"categories":[9599],"tags":[1111,11,1777,674,1011,27,7089,2681,2208,12,2680,2119,25],"class_list":{"0":"post-292450","1":"post","2":"type-post","3":"status-publish","4":"format-standard","5":"has-post-thumbnail","7":"category-montpellier","8":"tag-actu","9":"tag-actualites","10":"tag-eu","11":"tag-europe","12":"tag-fr","13":"tag-france","14":"tag-herault","15":"tag-languedoc-roussillon","16":"tag-montpellier","17":"tag-news","18":"tag-occitanie","19":"tag-previsions-meteo","20":"tag-republique-francaise"},"share_on_mastodon":{"url":"https:\/\/pubeurope.com\/@fr\/114961904009146217","error":""},"_links":{"self":[{"href":"https:\/\/www.europesays.com\/fr\/wp-json\/wp\/v2\/posts\/292450","targetHints":{"allow":["GET"]}}],"collection":[{"href":"https:\/\/www.europesays.com\/fr\/wp-json\/wp\/v2\/posts"}],"about":[{"href":"https:\/\/www.europesays.com\/fr\/wp-json\/wp\/v2\/types\/post"}],"author":[{"embeddable":true,"href":"https:\/\/www.europesays.com\/fr\/wp-json\/wp\/v2\/users\/2"}],"replies":[{"embeddable":true,"href":"https:\/\/www.europesays.com\/fr\/wp-json\/wp\/v2\/comments?post=292450"}],"version-history":[{"count":0,"href":"https:\/\/www.europesays.com\/fr\/wp-json\/wp\/v2\/posts\/292450\/revisions"}],"wp:featuredmedia":[{"embeddable":true,"href":"https:\/\/www.europesays.com\/fr\/wp-json\/wp\/v2\/media\/292451"}],"wp:attachment":[{"href":"https:\/\/www.europesays.com\/fr\/wp-json\/wp\/v2\/media?parent=292450"}],"wp:term":[{"taxonomy":"category","embeddable":true,"href":"https:\/\/www.europesays.com\/fr\/wp-json\/wp\/v2\/categories?post=292450"},{"taxonomy":"post_tag","embeddable":true,"href":"https:\/\/www.europesays.com\/fr\/wp-json\/wp\/v2\/tags?post=292450"}],"curies":[{"name":"wp","href":"https:\/\/api.w.org\/{rel}","templated":true}]}}