{"id":292454,"date":"2025-08-03T00:10:11","date_gmt":"2025-08-03T00:10:11","guid":{"rendered":"https:\/\/www.europesays.com\/fr\/292454\/"},"modified":"2025-08-03T00:10:11","modified_gmt":"2025-08-03T00:10:11","slug":"previsions-du-dimanche-3-aout-2025-7","status":"publish","type":"post","link":"https:\/\/www.europesays.com\/fr\/292454\/","title":{"rendered":"pr\u00e9visions du dimanche 3 ao\u00fbt 2025"},"content":{"rendered":"<p>\u00c0 Rennes les temp\u00e9ratures seront comprises entre 10 et 27\u00b0C aujourd&rsquo;hui. Un petit vent de nord-ouest soufflera. La ville aura quelques \u00e9claircies le matin. Un splendide soleil va briller et ce, tout au long de l&rsquo;apr\u00e8s-midi. Une m\u00e9t\u00e9o plus chaude est \u00e0 pr\u00e9voir \u00e9tant donn\u00e9 que le mercure va enregistrer une hausse. Les valeurs seront de 25\u00b0C au minimum et de 27\u00b0C au maximum. Il va faire environ 21\u00b0C, le soir. C&rsquo;est un ciel brumeux que conna\u00eetra la nuit de dimanche \u00e0 lundi.<\/p>\n<p>La m\u00e9t\u00e9o va se r\u00e9chauffer demain \u00e0 Rennes avec une augmentation de quelques degr\u00e9s. De tr\u00e8s importantes chaleurs (entre 15\u00b0C et 31\u00b0C) sont attendues. Les temp\u00e9ratures s&rsquo;\u00e9chelonneront entre 15 et 31\u00b0C. Une modeste brise de sud-ouest sera ressentie par les habitants. Cette matin\u00e9e sera synonyme de grand soleil. Le ciel va s&rsquo;\u00e9claircir au cours de l&rsquo;apr\u00e8s-midi. C&rsquo;est une hausse de plusieurs degr\u00e9s que vont conna\u00eetre les temp\u00e9ratures. Les valeurs maximums pr\u00e9vues sont \u00e9lev\u00e9es, avec 31\u00b0C. Les temp\u00e9ratures afficheront entre 27\u00b0C et 31\u00b0C.<\/p>\n<p>Pour les jours qui suivent, le temps ne bougera pas. Un ciel ensoleill\u00e9, avec des temp\u00e9ratures de 26\u00b0C en moyenne, est pr\u00e9vu.<\/p>\n<p><\/p>\n","protected":false},"excerpt":{"rendered":"\u00c0 Rennes les temp\u00e9ratures seront comprises entre 10 et 27\u00b0C aujourd&rsquo;hui. Un petit vent de nord-ouest soufflera. La&hellip;\n","protected":false},"author":2,"featured_media":292455,"comment_status":"","ping_status":"","sticky":false,"template":"","format":"standard","meta":{"footnotes":""},"categories":[2821],"tags":[1111,11,829,1777,674,1011,27,848,12,2119,584,25],"class_list":{"0":"post-292454","1":"post","2":"type-post","3":"status-publish","4":"format-standard","5":"has-post-thumbnail","7":"category-rennes","8":"tag-actu","9":"tag-actualites","10":"tag-bretagne","11":"tag-eu","12":"tag-europe","13":"tag-fr","14":"tag-france","15":"tag-ille-et-vilaine","16":"tag-news","17":"tag-previsions-meteo","18":"tag-rennes","19":"tag-republique-francaise"},"share_on_mastodon":{"url":"https:\/\/pubeurope.com\/@fr\/114961935465822276","error":""},"_links":{"self":[{"href":"https:\/\/www.europesays.com\/fr\/wp-json\/wp\/v2\/posts\/292454","targetHints":{"allow":["GET"]}}],"collection":[{"href":"https:\/\/www.europesays.com\/fr\/wp-json\/wp\/v2\/posts"}],"about":[{"href":"https:\/\/www.europesays.com\/fr\/wp-json\/wp\/v2\/types\/post"}],"author":[{"embeddable":true,"href":"https:\/\/www.europesays.com\/fr\/wp-json\/wp\/v2\/users\/2"}],"replies":[{"embeddable":true,"href":"https:\/\/www.europesays.com\/fr\/wp-json\/wp\/v2\/comments?post=292454"}],"version-history":[{"count":0,"href":"https:\/\/www.europesays.com\/fr\/wp-json\/wp\/v2\/posts\/292454\/revisions"}],"wp:featuredmedia":[{"embeddable":true,"href":"https:\/\/www.europesays.com\/fr\/wp-json\/wp\/v2\/media\/292455"}],"wp:attachment":[{"href":"https:\/\/www.europesays.com\/fr\/wp-json\/wp\/v2\/media?parent=292454"}],"wp:term":[{"taxonomy":"category","embeddable":true,"href":"https:\/\/www.europesays.com\/fr\/wp-json\/wp\/v2\/categories?post=292454"},{"taxonomy":"post_tag","embeddable":true,"href":"https:\/\/www.europesays.com\/fr\/wp-json\/wp\/v2\/tags?post=292454"}],"curies":[{"name":"wp","href":"https:\/\/api.w.org\/{rel}","templated":true}]}}