{"id":292461,"date":"2025-08-03T00:14:10","date_gmt":"2025-08-03T00:14:10","guid":{"rendered":"https:\/\/www.europesays.com\/fr\/292461\/"},"modified":"2025-08-03T00:14:10","modified_gmt":"2025-08-03T00:14:10","slug":"previsions-du-dimanche-3-aout-2025-9","status":"publish","type":"post","link":"https:\/\/www.europesays.com\/fr\/292461\/","title":{"rendered":"pr\u00e9visions du dimanche 3 ao\u00fbt 2025"},"content":{"rendered":"<p>Nice va conna\u00eetre une splendide journ\u00e9e tr\u00e8s ensoleill\u00e9e. Les temp\u00e9ratures afficheront entre 18\u00b0C et 25\u00b0C. Un petit vent de nord-ouest soufflera au cours de la matin\u00e9e. Les valeurs seront comprises entre 23 et 25\u00b0C durant l&rsquo;apr\u00e8s-midi. Un ciel clair est attendu dans la nuit reliant dimanche et lundi.<\/p>\n<p>Demain, un important soleil rayonnera sur Nice. Le temps va se r\u00e9chauffer avec une augmentation de quelques degr\u00e9s. Les temp\u00e9ratures s&rsquo;\u00e9chelonneront entre 20 et 25\u00b0C. Une brise de nord soufflera l\u00e9g\u00e8rement dans la matin\u00e9e. Les valeurs afficheront entre 24 et 25\u00b0C demain apr\u00e8s-midi. Il va faire environ 22\u00b0C, demain soir. Un l\u00e9ger vent de sud-ouest sera ressenti par les habitants.<\/p>\n<p>Peu de changements pour la suite. Pr\u00e9voyez 26\u00b0C en moyenne qui accompagneront des journ\u00e9es ensoleill\u00e9es.<\/p>\n<p><\/p>\n","protected":false},"excerpt":{"rendered":"Nice va conna\u00eetre une splendide journ\u00e9e tr\u00e8s ensoleill\u00e9e. Les temp\u00e9ratures afficheront entre 18\u00b0C et 25\u00b0C. Un petit vent&hellip;\n","protected":false},"author":2,"featured_media":292462,"comment_status":"","ping_status":"","sticky":false,"template":"","format":"standard","meta":{"footnotes":""},"categories":[2819],"tags":[1111,11,2898,1777,674,1011,27,12,2401,883,2119,882,25],"class_list":{"0":"post-292461","1":"post","2":"type-post","3":"status-publish","4":"format-standard","5":"has-post-thumbnail","7":"category-nice","8":"tag-actu","9":"tag-actualites","10":"tag-alpes-maritimes","11":"tag-eu","12":"tag-europe","13":"tag-fr","14":"tag-france","15":"tag-news","16":"tag-nice","17":"tag-paca","18":"tag-previsions-meteo","19":"tag-provence-alpes-cote-dazur","20":"tag-republique-francaise"},"share_on_mastodon":{"url":"https:\/\/pubeurope.com\/@fr\/114961951335005667","error":""},"_links":{"self":[{"href":"https:\/\/www.europesays.com\/fr\/wp-json\/wp\/v2\/posts\/292461","targetHints":{"allow":["GET"]}}],"collection":[{"href":"https:\/\/www.europesays.com\/fr\/wp-json\/wp\/v2\/posts"}],"about":[{"href":"https:\/\/www.europesays.com\/fr\/wp-json\/wp\/v2\/types\/post"}],"author":[{"embeddable":true,"href":"https:\/\/www.europesays.com\/fr\/wp-json\/wp\/v2\/users\/2"}],"replies":[{"embeddable":true,"href":"https:\/\/www.europesays.com\/fr\/wp-json\/wp\/v2\/comments?post=292461"}],"version-history":[{"count":0,"href":"https:\/\/www.europesays.com\/fr\/wp-json\/wp\/v2\/posts\/292461\/revisions"}],"wp:featuredmedia":[{"embeddable":true,"href":"https:\/\/www.europesays.com\/fr\/wp-json\/wp\/v2\/media\/292462"}],"wp:attachment":[{"href":"https:\/\/www.europesays.com\/fr\/wp-json\/wp\/v2\/media?parent=292461"}],"wp:term":[{"taxonomy":"category","embeddable":true,"href":"https:\/\/www.europesays.com\/fr\/wp-json\/wp\/v2\/categories?post=292461"},{"taxonomy":"post_tag","embeddable":true,"href":"https:\/\/www.europesays.com\/fr\/wp-json\/wp\/v2\/tags?post=292461"}],"curies":[{"name":"wp","href":"https:\/\/api.w.org\/{rel}","templated":true}]}}