{"id":29247,"date":"2025-04-16T12:51:27","date_gmt":"2025-04-16T12:51:27","guid":{"rendered":"https:\/\/www.europesays.com\/fr\/29247\/"},"modified":"2025-04-16T12:51:27","modified_gmt":"2025-04-16T12:51:27","slug":"prison-ferme-pour-le-patron-et-ses-comparses","status":"publish","type":"post","link":"https:\/\/www.europesays.com\/fr\/29247\/","title":{"rendered":"prison ferme pour le patron et ses comparses"},"content":{"rendered":"<p>Je suis juste un jeune autoentrepreneur qui essaie de s\u2019en sortir dans la vie\u00a0\u00bb. Mohssin Chouikh est convaincant. Chemise d\u2019un blanc immacul\u00e9, cheveux noirs retenus en chignon et barbe soigneusement coup\u00e9e, ce p\u00e8re de famille de 26 ans a beau \u00eatre, ce lundi, dans le box du tribunal de Nancy, il pr\u00e9sente bien.<\/p>\n<p>Il a un enfant de 11 mois, trois commerces et pas de casier. Il parle calmement, avec des mots bien choisis. Il ne nie pas l\u2019\u00e9vidence, reconna\u00eet les faits et s\u2019excuse. \u00ab\u00a0J\u2019ai \u00e9t\u00e9 tr\u00e8s violent. J\u2019ai port\u00e9 des coups de poing et de pied\u00a0\u00bb, confesse-t-il. C\u2019\u00e9tait le 11\u00a0mars dernier, dans l\u2019arri\u00e8re-boutique du \u00ab\u00a0Barber House\u00a0\u00bb, un salon de barbier qu\u2019il poss\u00e8de rue Raymond-Poincar\u00e9 \u00e0 Nancy.<\/p>\n<p>\u00ab\u00a0Je n\u2019ai jamais \u00e9t\u00e9 dans un \u00e9tat comme cela\u00a0\u00bb<\/p>\n<p>Il a pass\u00e9 \u00e0 tabac un jeune sans-papiers qu\u2019il soup\u00e7onnait d\u2019avoir cambriol\u00e9 son commerce, au cours de la nuit, pour lui&#8230;<\/p>\n","protected":false},"excerpt":{"rendered":"Je suis juste un jeune autoentrepreneur qui essaie de s\u2019en sortir dans la vie\u00a0\u00bb. Mohssin Chouikh est convaincant.&hellip;\n","protected":false},"author":2,"featured_media":29248,"comment_status":"","ping_status":"","sticky":false,"template":"","format":"standard","meta":{"footnotes":""},"categories":[9635],"tags":[1111,11,271,272,1777,674,274,1011,27,775,1702,12,3456,25],"class_list":{"0":"post-29247","1":"post","2":"type-post","3":"status-publish","4":"format-standard","5":"has-post-thumbnail","7":"category-nancy","8":"tag-actu","9":"tag-actualites","10":"tag-crime","11":"tag-delit-et-contravention","12":"tag-eu","13":"tag-europe","14":"tag-faits-divers-justice","15":"tag-fr","16":"tag-france","17":"tag-grand-est","18":"tag-nancy","19":"tag-news","20":"tag-region-lorraine","21":"tag-republique-francaise"},"share_on_mastodon":{"url":"https:\/\/pubeurope.com\/@fr\/114347736036144804","error":""},"_links":{"self":[{"href":"https:\/\/www.europesays.com\/fr\/wp-json\/wp\/v2\/posts\/29247","targetHints":{"allow":["GET"]}}],"collection":[{"href":"https:\/\/www.europesays.com\/fr\/wp-json\/wp\/v2\/posts"}],"about":[{"href":"https:\/\/www.europesays.com\/fr\/wp-json\/wp\/v2\/types\/post"}],"author":[{"embeddable":true,"href":"https:\/\/www.europesays.com\/fr\/wp-json\/wp\/v2\/users\/2"}],"replies":[{"embeddable":true,"href":"https:\/\/www.europesays.com\/fr\/wp-json\/wp\/v2\/comments?post=29247"}],"version-history":[{"count":0,"href":"https:\/\/www.europesays.com\/fr\/wp-json\/wp\/v2\/posts\/29247\/revisions"}],"wp:featuredmedia":[{"embeddable":true,"href":"https:\/\/www.europesays.com\/fr\/wp-json\/wp\/v2\/media\/29248"}],"wp:attachment":[{"href":"https:\/\/www.europesays.com\/fr\/wp-json\/wp\/v2\/media?parent=29247"}],"wp:term":[{"taxonomy":"category","embeddable":true,"href":"https:\/\/www.europesays.com\/fr\/wp-json\/wp\/v2\/categories?post=29247"},{"taxonomy":"post_tag","embeddable":true,"href":"https:\/\/www.europesays.com\/fr\/wp-json\/wp\/v2\/tags?post=29247"}],"curies":[{"name":"wp","href":"https:\/\/api.w.org\/{rel}","templated":true}]}}