{"id":292476,"date":"2025-08-03T00:25:37","date_gmt":"2025-08-03T00:25:37","guid":{"rendered":"https:\/\/www.europesays.com\/fr\/292476\/"},"modified":"2025-08-03T00:25:37","modified_gmt":"2025-08-03T00:25:37","slug":"des-policiers-vises-apres-un-tonneau-la-scene-filmee-fait-reagir-jusquaux-elus","status":"publish","type":"post","link":"https:\/\/www.europesays.com\/fr\/292476\/","title":{"rendered":"des policiers vis\u00e9s apr\u00e8s un tonneau, la sc\u00e8ne film\u00e9e fait r\u00e9agir jusqu\u2019aux \u00e9lus"},"content":{"rendered":"\n<p>Les faits remontent au soir du lundi 28 juillet, lorsque vers 20h55, un \u00e9quipage de policiers en voiture, rep\u00e8re \u00e0 proximit\u00e9 d\u2019un point de deal de la cit\u00e9 Picon Busserine (14e), un homme sur une petite moto-cross, sans casque, et le prend en chasse d\u00e9taille le parquet de Marseille dans un communiqu\u00e9 ce jeudi 31 juillet. Mais les policiers sont percut\u00e9s par un v\u00e9hicule. Sonn\u00e9s par l\u2019accident, apr\u00e8s avoir effectu\u00e9 un tonneau, ils s\u2019extraient de l\u2019habitacle. Autour d\u2019eux, \u00ab\u00a0les invectives, les insultes et des menaces\u00a0\u00bb fusent. \u00ab\u00a0Afin de prot\u00e9ger leur int\u00e9grit\u00e9 dans l\u2019attente des secours, [ils font] usage de grenades\u00a0\u00bb, poursuit le parquet, indiquant avoir ouvert une enqu\u00eate pour \u00ab\u00a0blessures involontaires avec ITT inf\u00e9rieure \u00e0 3\u00a0mois pour l\u2019accident\u00a0\u00bb, une autre pour \u00ab\u00a0refus d\u2019obtemp\u00e9rer visant le conducteur de la petite moto-cross\u00a0\u00bb, une derni\u00e8re pour \u00ab\u00a0menaces et violences volontaires aggrav\u00e9es sur personne d\u00e9positaire de l\u2019autorit\u00e9 publique visant les individus hostiles\u00a0\u00bb.<\/p>\n<p>La sc\u00e8ne, film\u00e9e par un habitant et mise en ligne, a entra\u00een\u00e9 des r\u00e9actions d\u2019\u00e9lus telle Martine Vassal (DVD), pr\u00e9sidente du D\u00e9partement, qui a \u00ab\u00a0honte (&#8230;) d\u2019\u00eatre marseillaise\u00a0\u00bb, et a d\u00e9clench\u00e9 la col\u00e8re de syndicats policiers comme Unit\u00e9 SGP Police. Son responsable en zone Sud, Bruno Bartocetti, \u00e9tant d\u2019autant plus remont\u00e9 que quatre de ses coll\u00e8gues ont \u00e9t\u00e9 bless\u00e9s mercredi soir dans le centre-ville lors d\u2019un refus d\u2019obtemp\u00e9rer. \u00ab\u00a0La loi s\u2019est durcie mais pas son application\u00a0\u00bb commente-t-il, \u00ab\u00a0nous nous sentons \u00ab\u00a0l\u00e2ch\u00e9s\u00a0\u00bb et nous enregistrons toujours plus de bless\u00e9s\u00a0\u00bb.<\/p>\n","protected":false},"excerpt":{"rendered":"Les faits remontent au soir du lundi 28 juillet, lorsque vers 20h55, un \u00e9quipage de policiers en voiture,&hellip;\n","protected":false},"author":2,"featured_media":292477,"comment_status":"","ping_status":"","sticky":false,"template":"","format":"standard","meta":{"footnotes":""},"categories":[2814],"tags":[1111,11,1777,674,1011,27,152,884,12,882,25],"class_list":{"0":"post-292476","1":"post","2":"type-post","3":"status-publish","4":"format-standard","5":"has-post-thumbnail","7":"category-marseille","8":"tag-actu","9":"tag-actualites","10":"tag-eu","11":"tag-europe","12":"tag-fr","13":"tag-france","14":"tag-insultes","15":"tag-marseille","16":"tag-news","17":"tag-provence-alpes-cote-dazur","18":"tag-republique-francaise"},"share_on_mastodon":{"url":"https:\/\/pubeurope.com\/@fr\/114961994428320870","error":""},"_links":{"self":[{"href":"https:\/\/www.europesays.com\/fr\/wp-json\/wp\/v2\/posts\/292476","targetHints":{"allow":["GET"]}}],"collection":[{"href":"https:\/\/www.europesays.com\/fr\/wp-json\/wp\/v2\/posts"}],"about":[{"href":"https:\/\/www.europesays.com\/fr\/wp-json\/wp\/v2\/types\/post"}],"author":[{"embeddable":true,"href":"https:\/\/www.europesays.com\/fr\/wp-json\/wp\/v2\/users\/2"}],"replies":[{"embeddable":true,"href":"https:\/\/www.europesays.com\/fr\/wp-json\/wp\/v2\/comments?post=292476"}],"version-history":[{"count":0,"href":"https:\/\/www.europesays.com\/fr\/wp-json\/wp\/v2\/posts\/292476\/revisions"}],"wp:featuredmedia":[{"embeddable":true,"href":"https:\/\/www.europesays.com\/fr\/wp-json\/wp\/v2\/media\/292477"}],"wp:attachment":[{"href":"https:\/\/www.europesays.com\/fr\/wp-json\/wp\/v2\/media?parent=292476"}],"wp:term":[{"taxonomy":"category","embeddable":true,"href":"https:\/\/www.europesays.com\/fr\/wp-json\/wp\/v2\/categories?post=292476"},{"taxonomy":"post_tag","embeddable":true,"href":"https:\/\/www.europesays.com\/fr\/wp-json\/wp\/v2\/tags?post=292476"}],"curies":[{"name":"wp","href":"https:\/\/api.w.org\/{rel}","templated":true}]}}