{"id":292480,"date":"2025-08-03T00:27:14","date_gmt":"2025-08-03T00:27:14","guid":{"rendered":"https:\/\/www.europesays.com\/fr\/292480\/"},"modified":"2025-08-03T00:27:14","modified_gmt":"2025-08-03T00:27:14","slug":"startups-innovantes-laide-precieuse-du-faim","status":"publish","type":"post","link":"https:\/\/www.europesays.com\/fr\/292480\/","title":{"rendered":"Startups innovantes : l&rsquo;aide pr\u00e9cieuse du FAIM&#8230;"},"content":{"rendered":"<p>Lanc\u00e9 en 2021 \u00e0 la demande de la M\u00e9tropole de Lyon et de la M\u00e9tropole de Saint-\u00c9tienne, le Fonds d\u2019Amor\u00e7age Industriel M\u00e9tropolitain est un fonds de souscripteurs priv\u00e9s et publics qui a pour objectif d\u2019aider au d\u00e9veloppement des startups industrielles durables sur le territoire.<\/p>\n<p>Actuellement, le <strong>Fonds d\u2019Amor\u00e7age Industriel M\u00e9tropolitain<\/strong> est dot\u00e9 de 70 millions d\u2019euros. De l\u2019argent qui a d\u00e9j\u00e0 profit\u00e9 \u00e0 <strong>13 entreprises<\/strong> tri\u00e9es sur le volet. Avec pour objectif final de capitaliser sur la r\u00e9ussite de ces startups innovantes, comme l\u2019explique <strong>St\u00e9phane Villecroze<\/strong>, pr\u00e9sident de<strong> <a href=\"https:\/\/demeter-im.com\/faim\/\" target=\"_blank\" rel=\"noreferrer noopener\">D\u00e9m\u00e9ter<\/a><\/strong>.<\/p>\n<p>Ecoutez le podcast<\/p>\n<p>Fonds d\u2019Amor\u00e7age Industriel M\u00e9tropolitain<\/p>\n<p><img fetchpriority=\"high\" decoding=\"async\" width=\"1200\" height=\"675\" src=\"https:\/\/www.europesays.com\/fr\/wp-content\/uploads\/2025\/08\/startups-innovantes-Stephane-Villecroze-president-de-Demeter.jpg\" alt=\"St\u00e9phane Villecroze pr\u00e9sident de Demeter\" class=\"wp-image-250812\"  \/>St\u00e9phane Villecroze pr\u00e9sident de Demeter<\/p>\n<p>\u201dLe fond apporte de l\u2019argent \u00e0 l\u2019entreprise. Pour <strong>financer les projets d\u2019innovation<\/strong>. Les <strong>projets de d\u00e9veloppement<\/strong>, les projets de croissance\u2026. Les entreprises sont choisies \u00e0 l\u2019issue d\u2019une s\u00e9lection assez pouss\u00e9e, assez cruelle parfois m\u00eame\u2026 Puisqu\u2019on va investir dans quelques % des dossiers qu\u2019on va regarder. Donc on essaie d\u2019investir dans celles qui semblent les plus prometteuses. Et dans les \u00e9quipes entrepreneuriales qui semblent les plus convaincantes. Nous, en tant que <strong>soci\u00e9t\u00e9 de gestion<\/strong>, l\u2019objectif c\u2019est de satisfaire nos clients qui sont des investisseurs, des fonds. Et donc c\u2019est d\u2019accompagner au mieux ces <strong>startups innovantes<\/strong> en tant qu\u2019actionnaires. Pour les faire grandir, les faire se d\u00e9velopper. Alors c\u2019est vrai sur des crit\u00e8res financiers comme on l\u2019a dit. Sur des crit\u00e8res extra-financiers comme on l\u2019a montr\u00e9 aussi. Et la valeur cr\u00e9\u00e9e ensuite elle revient quand on c\u00e8de nos participations aux investisseurs du fonds.\u201d<\/p>\n<p>Ecoutez aussi : <a href=\"https:\/\/www.lyondemain.fr\/urbanisme-transitoire-plateau-urbain-lyon\/\" target=\"_blank\" rel=\"noreferrer noopener\">Urbanisme transitoire : quand la vacance devient tremplin \u00e0 Lyon<\/a><\/p>\n<p>Revcoo : 4 millions d\u2019euros d\u2019investissement<\/p>\n<p>Parmi les entreprises qui ont pu b\u00e9n\u00e9ficier de ce fonds, on retrouve <strong><a href=\"https:\/\/revcoo.com\/\" target=\"_blank\" rel=\"noreferrer noopener\">Revcoo<\/a><\/strong>\u2026 Une<strong> start-up qui capte les \u00e9missions de CO2<\/strong> des gros industriels pour les stocker et les r\u00e9utiliser. Rentr\u00e9e dans le portefeuille du fonds \u00e0 ses d\u00e9buts, l\u2019entreprise a pu b\u00e9n\u00e9ficier d\u2019un <strong>investissement de pr\u00e8s de 4 millions d\u2019euros<\/strong>. Mais au dela de l\u2019aspect financier, c\u2019est aussi dans l\u2019accompagnement que le fonds d\u2019investissements aide l\u2019entreprise.<\/p>\n<p><img loading=\"lazy\" decoding=\"async\" width=\"1200\" height=\"675\" src=\"https:\/\/www.europesays.com\/fr\/wp-content\/uploads\/2025\/08\/startups-innovantes-Arnaud-Paulik-directeur-general-de-Revcoo.jpg\" alt=\"startups innovantes\" class=\"wp-image-250813\"  \/>Arnaud Paulik directeur g\u00e9n\u00e9ral de Revcoo<\/p>\n<p>Comme l\u2019explique le directeur g\u00e9n\u00e9ral de <strong>Revcoo<\/strong>, <strong>Arnaud Paulik<\/strong> : \u201cLe  <strong>Fonds d\u2019Amor\u00e7age Industriel M\u00e9tropolitain<\/strong>  a permis de nous amener beaucoup de choses au niveau de l\u2019\u00e9quipe entrepreneuriale. Que ce soit au niveau de la gouvernance m\u00eame de notre entreprise\u2026 Au niveau de la<strong> strat\u00e9gie op\u00e9rationnelle<\/strong> et du <strong>mod\u00e8le d\u2019affaires<\/strong>, et de l\u2019<strong>accompagnement<\/strong> aussi pour faire les <strong>recrutements<\/strong> des gens cl\u00e9s. Et nous aider \u00e0 nous organiser tout au long de ces trois ann\u00e9es de coop\u00e9ration avec le <strong>FAIM<\/strong>. On a effectivement r\u00e9ussi \u00e0 \u00e9viter des \u00e9cueils qui auraient, je pense, pu \u00eatre tr\u00e8s critiques pour l\u2019entreprise gr\u00e2ce \u00e0 leur accompagnement. Donc l\u00e0 on est dans l\u2019extra financier \u00e9videmment. Et dans toute la valeur qu\u2019ils am\u00e8nent au quotidien op\u00e9rationnel\u00a0\u00bb.<\/p>\n<p>A terme, le <strong>Fonds d\u2019Amor\u00e7age Industriel M\u00e9tropolitain<\/strong> devrait atteindre les <strong>100 millions d\u2019euros<\/strong>. Et profiter \u00e0 <strong>une trentaine de start-ups<\/strong>.<\/p>\n<p>Ecoutez aussi : <a href=\"https:\/\/www.lyondemain.fr\/ivan-chaleil-la-nef-banque-ethique\/\" target=\"_blank\" rel=\"noreferrer noopener\">Ivan Chaleil nouveau pr\u00e9sident de la banque \u00e9thique La Nef<\/a><\/p>\n<p><img loading=\"lazy\" decoding=\"async\" width=\"1200\" height=\"675\" src=\"https:\/\/www.europesays.com\/fr\/wp-content\/uploads\/2025\/08\/startups-innovantes-Fonds-dAmorcage-Industriel-Metropolitain.jpg\" alt=\"startups innovantes\" class=\"wp-image-250811\"  \/><br \/>\nJ\u2019aime \u00e7a\u00a0:<\/p>\n<p>J\u2019aime chargement\u2026<\/p>\n<p><a class=\"sd-link-color\"\/><\/p>\n<p>\n\tArticles similaires\n<\/p>\n<p>\t\t\t\t<img decoding=\"async\" src=\"https:\/\/www.europesays.com\/fr\/wp-content\/uploads\/2025\/08\/1754180834_118_7866158698e17e8ed633c05e8f8e7fe5d9e057ad78661c4dc34e413abb6b9f19\" alt=\"G\u00e9rald Bouchon\"\/><\/p>\n<p>Pionnier des radios libres, passionn\u00e9 de radio, journaliste et dirigeant de m\u00e9dias \u00e9co-responsables..<\/p>\n","protected":false},"excerpt":{"rendered":"Lanc\u00e9 en 2021 \u00e0 la demande de la M\u00e9tropole de Lyon et de la M\u00e9tropole de Saint-\u00c9tienne, le&hellip;\n","protected":false},"author":2,"featured_media":292481,"comment_status":"","ping_status":"","sticky":false,"template":"","format":"standard","meta":{"footnotes":""},"categories":[1889],"tags":[43249,1111,11,2430,23776,43250,313,1777,674,3531,43251,43252,1011,27,5701,2554,2428,12,25,43253,43254],"class_list":{"0":"post-292480","1":"post","2":"type-post","3":"status-publish","4":"format-standard","5":"has-post-thumbnail","7":"category-lyon","8":"tag-accelerateur-de-startup","9":"tag-actu","10":"tag-actualites","11":"tag-auvergne-rhone-alpes","12":"tag-decarbonation","13":"tag-demeter","14":"tag-entreprises","15":"tag-eu","16":"tag-europe","17":"tag-financement","18":"tag-financement-de-projets","19":"tag-fonds-damorcage","20":"tag-fr","21":"tag-france","22":"tag-innovation","23":"tag-investissements","24":"tag-lyon","25":"tag-news","26":"tag-republique-francaise","27":"tag-revcoo","28":"tag-startup"},"share_on_mastodon":{"url":"https:\/\/pubeurope.com\/@fr\/114962002751426962","error":""},"_links":{"self":[{"href":"https:\/\/www.europesays.com\/fr\/wp-json\/wp\/v2\/posts\/292480","targetHints":{"allow":["GET"]}}],"collection":[{"href":"https:\/\/www.europesays.com\/fr\/wp-json\/wp\/v2\/posts"}],"about":[{"href":"https:\/\/www.europesays.com\/fr\/wp-json\/wp\/v2\/types\/post"}],"author":[{"embeddable":true,"href":"https:\/\/www.europesays.com\/fr\/wp-json\/wp\/v2\/users\/2"}],"replies":[{"embeddable":true,"href":"https:\/\/www.europesays.com\/fr\/wp-json\/wp\/v2\/comments?post=292480"}],"version-history":[{"count":0,"href":"https:\/\/www.europesays.com\/fr\/wp-json\/wp\/v2\/posts\/292480\/revisions"}],"wp:featuredmedia":[{"embeddable":true,"href":"https:\/\/www.europesays.com\/fr\/wp-json\/wp\/v2\/media\/292481"}],"wp:attachment":[{"href":"https:\/\/www.europesays.com\/fr\/wp-json\/wp\/v2\/media?parent=292480"}],"wp:term":[{"taxonomy":"category","embeddable":true,"href":"https:\/\/www.europesays.com\/fr\/wp-json\/wp\/v2\/categories?post=292480"},{"taxonomy":"post_tag","embeddable":true,"href":"https:\/\/www.europesays.com\/fr\/wp-json\/wp\/v2\/tags?post=292480"}],"curies":[{"name":"wp","href":"https:\/\/api.w.org\/{rel}","templated":true}]}}