{"id":292484,"date":"2025-08-03T00:31:13","date_gmt":"2025-08-03T00:31:13","guid":{"rendered":"https:\/\/www.europesays.com\/fr\/292484\/"},"modified":"2025-08-03T00:31:13","modified_gmt":"2025-08-03T00:31:13","slug":"une-rave-party-rassemble-plus-de-1-200-personnes-des-gendarmes-pris-a-partie","status":"publish","type":"post","link":"https:\/\/www.europesays.com\/fr\/292484\/","title":{"rendered":"une rave party rassemble plus de 1 200 personnes, des gendarmes pris \u00e0 partie"},"content":{"rendered":"<p class=\"c-chapo \">\n  Les forces de l&rsquo;ordre ont \u00e9t\u00e9 caillass\u00e9es alors qu&rsquo;ils bloquaient l&rsquo;acc\u00e8s \u00e0 la f\u00eate avec leurs v\u00e9hicules.\n<\/p>\n<p>            lire plus tard<\/p>\n<p id=\"dialog__title\" class=\"dialog__title\">Pour sauvegarder cet article, connectez-vous ou cr\u00e9ez un compte franceinfo<\/p>\n<p class=\"dialog__description\">Sans paiement. Sans abonnement.<\/p>\n<p>        Fermer la fen\u00eatre d\u2019activation des notifications France Info<\/p>\n<p>            cr\u00e9er votre compte<\/p>\n<p>            se connecter<\/p>\n<p>        Fermer la fen\u00eatre de pr\u00e9sentation<\/p>\n<p>    <img loading=\"lazy\" decoding=\"async\" class=\"signature__image lazyload\" width=\"100\" height=\"100\" data- alt=\"\" src=\"https:\/\/www.europesays.com\/fr\/wp-content\/uploads\/2025\/05\/64a7df4c5fe71_placeholder-36b69ec8.png\"\/><\/p>\n<p>    Publi\u00e9 le 02\/08\/2025 20:52<\/p>\n<p>        Temps de lecture : 1min<\/p>\n<p>    <img decoding=\"async\"  alt=\"Des participants \u00e0 une rave-party. Photo d'illustration. (GUILLAUME SALIGOT \/ OUEST-FRANCE \/ MAXPPP)\" width=\"432\" height=\"243\" src=\"https:\/\/www.europesays.com\/fr\/wp-content\/uploads\/2025\/08\/maxnewsworldsix188598-687181d7869a5778606911.jpg\" fetchpriority=\"high\"\/><\/p>\n<p>      Des participants \u00e0 une rave-party. Photo d&rsquo;illustration. (GUILLAUME SALIGOT \/ OUEST-FRANCE \/ MAXPPP)<\/p>\n<p>Une rave party rassemble plus de 1 200 personnes entre les communes de Lens-Lestang et du Grand-Serre (Dr\u00f4me), dans un parc \u00e9olien, <a href=\"https:\/\/www.francebleu.fr\/infos\/faits-divers-justice\/une-rave-party-en-cours-avec-plus-de-1200-teufeurs-dans-le-nord-drome-5446173\" target=\"_blank\" rel=\"noopener nofollow\">rapporte ICI Dr\u00f4me Ard\u00e8che (ex-France Bleu)<\/a>, samedi 2 ao\u00fbt. Les premiers teufeurs sont arriv\u00e9s sur place dans la nuit de vendredi \u00e0 samedi. Des v\u00e9hicules de gendarmes qui tentaient de bloquer l&rsquo;acc\u00e8s au site ont \u00e9t\u00e9 caillass\u00e9s, pr\u00e9cise la gendarmerie \u00e0 ICI. Tous les acc\u00e8s routiers sont ferm\u00e9s.<\/p>\n<p>Une centaine de gendarmes sont mobilis\u00e9s samedi soir. Des renforts, venus de Crest, Lyon et Valence, sont arriv\u00e9s sur place.<\/p>\n<p>Plusieurs personnes ont \u00e9t\u00e9 verbalis\u00e9es pour d\u00e9faut d&rsquo;assurance, de permis, conduite sous stup\u00e9fiants et mineure au volant.<\/p>\n<p class=\"related-tags__title\" role=\"heading\" aria-level=\"2\">les mots-cl\u00e9s associ\u00e9s \u00e0 cet article\n    <\/p>\n","protected":false},"excerpt":{"rendered":"Les forces de l&rsquo;ordre ont \u00e9t\u00e9 caillass\u00e9es alors qu&rsquo;ils bloquaient l&rsquo;acc\u00e8s \u00e0 la f\u00eate avec leurs v\u00e9hicules. lire&hellip;\n","protected":false},"author":2,"featured_media":292485,"comment_status":"","ping_status":"","sticky":false,"template":"","format":"standard","meta":{"footnotes":""},"categories":[1888],"tags":[1111,1928,11,1927,1777,674,1011,27,12,1926,626,1925,25],"class_list":{"0":"post-292484","1":"post","2":"type-post","3":"status-publish","4":"format-standard","5":"has-post-thumbnail","7":"category-paris","8":"tag-actu","9":"tag-actu-paris","10":"tag-actualites","11":"tag-actualites-paris","12":"tag-eu","13":"tag-europe","14":"tag-fr","15":"tag-france","16":"tag-news","17":"tag-news-paris","18":"tag-paris","19":"tag-paris-news","20":"tag-republique-francaise"},"share_on_mastodon":{"url":"https:\/\/pubeurope.com\/@fr\/114962018108788624","error":""},"_links":{"self":[{"href":"https:\/\/www.europesays.com\/fr\/wp-json\/wp\/v2\/posts\/292484","targetHints":{"allow":["GET"]}}],"collection":[{"href":"https:\/\/www.europesays.com\/fr\/wp-json\/wp\/v2\/posts"}],"about":[{"href":"https:\/\/www.europesays.com\/fr\/wp-json\/wp\/v2\/types\/post"}],"author":[{"embeddable":true,"href":"https:\/\/www.europesays.com\/fr\/wp-json\/wp\/v2\/users\/2"}],"replies":[{"embeddable":true,"href":"https:\/\/www.europesays.com\/fr\/wp-json\/wp\/v2\/comments?post=292484"}],"version-history":[{"count":0,"href":"https:\/\/www.europesays.com\/fr\/wp-json\/wp\/v2\/posts\/292484\/revisions"}],"wp:featuredmedia":[{"embeddable":true,"href":"https:\/\/www.europesays.com\/fr\/wp-json\/wp\/v2\/media\/292485"}],"wp:attachment":[{"href":"https:\/\/www.europesays.com\/fr\/wp-json\/wp\/v2\/media?parent=292484"}],"wp:term":[{"taxonomy":"category","embeddable":true,"href":"https:\/\/www.europesays.com\/fr\/wp-json\/wp\/v2\/categories?post=292484"},{"taxonomy":"post_tag","embeddable":true,"href":"https:\/\/www.europesays.com\/fr\/wp-json\/wp\/v2\/tags?post=292484"}],"curies":[{"name":"wp","href":"https:\/\/api.w.org\/{rel}","templated":true}]}}