{"id":292486,"date":"2025-08-03T00:32:11","date_gmt":"2025-08-03T00:32:11","guid":{"rendered":"https:\/\/www.europesays.com\/fr\/292486\/"},"modified":"2025-08-03T00:32:11","modified_gmt":"2025-08-03T00:32:11","slug":"hamari-traore-se-rapproche-du-paris-fc-hector-fort-comme-plan-b","status":"publish","type":"post","link":"https:\/\/www.europesays.com\/fr\/292486\/","title":{"rendered":"Hamari Traor\u00e9 se rapproche du Paris FC, Hector Fort comme plan B"},"content":{"rendered":"<p>Promu en Ligue 1, le Paris FC est tr\u00e8s actif sur le march\u00e9 des transferts. Le club pourrait m\u00eame faire un tr\u00e8s gros coup cet \u00e9t\u00e9.<\/p>\n<p class=\"fig-paragraph\">Promu en Ligue 1,\u00a0<a href=\"http:\/\/www.lefigaro.fr\/sports\/football\/transferts\/mercato-lille-remporte-le-bras-de-fer-face-au-paris-fc-et-conserve-benjamin-andre-20250726\" data-fig-type=\"NewsFlash\" data-gtm-custom-categorie=\"navigation\" data-gtm-custom-action=\"crossclick\" data-gtm-custom-label=\"Contextuel\" data-gtm-event=\"customEventSPE\" data-fig-domain=\"LEFIGARO\" rel=\"nofollow noopener\" target=\"_blank\">le Paris FC<\/a>\u00a0cherche \u00e0 se renforcer dans le secteur d\u00e9fensif. Pour cela, le club dirig\u00e9 par la\u00a0<a href=\"http:\/\/www.lefigaro.fr\/sports\/football\/ligue-1-le-paris-fc-reprend-l-entrainement-collectif-sans-sa-nouvelle-tete-d-affiche-20250707\" data-fig-type=\"NewsFlash\" rel=\"sponsored nofollow noopener\" data-gtm-custom-categorie=\"navigation\" data-gtm-custom-action=\"crossclick\" data-gtm-custom-label=\"Contextuel\" data-gtm-event=\"customEventSPE\" data-fig-domain=\"LEFIGARO\" target=\"_blank\">famille Arnaud<\/a>\u00a0scrute tous les bons coups durant ce mercato. Parmi les options au poste de lat\u00e9ral, le jeune barcelonais Hector Fort (18 ans) qui a d\u00e9j\u00e0 de l\u2019exp\u00e9rience en championnat et en Ligue des champions.<\/p>\n<p class=\"fig-paragraph\">Cependant, Fort est un plan B. En effet, les dirigeants semblent vouloir attirer le d\u00e9fenseur de la Real Sociedad Hamari Traor\u00e9 qui a d\u00e9j\u00e0 \u00e9volu\u00e9 en LIgue 1 sous les couleurs du Stade Rennais notamment. Une information annonc\u00e9e par<a href=\"https:\/\/www.footmercato.net\/a5237616490273323684-accord-paris-fc-real-sociedad-pour-hamari-traore\" target=\"_blank\" rel=\"sponsored noopener nofollow\" data-gtm-custom-categorie=\"navigation\" data-gtm-custom-action=\"crossclick\" data-gtm-custom-label=\"Contextuel\" data-gtm-event=\"customEventSPE\">\u00a0Foot Mercato<\/a>\u00a0qui explique qu\u2019un accord aurait \u00e9t\u00e9 trouv\u00e9 avec le club espagnol. Les discussions sont encore en cours avec le joueur.<\/p>\n<p>                                    <a class=\"fig-a11y-skip a11y-hidden\" href=\"#fig-a11y-skip-main-inarticle\"><br \/>\n        Passer la publicit\u00e9<br \/>\n    <\/a><\/p>\n<p class=\"fig-paragraph\"><strong>\u00c0 VOIR AUSSI &#8211; <\/strong>Mercato\u00a0: l\u2019\u00e9norme accueil des supporters de l\u2019Olympique de Marseille pour Pierre-Emerick Aubameyang<\/p>\n","protected":false},"excerpt":{"rendered":"Promu en Ligue 1, le Paris FC est tr\u00e8s actif sur le march\u00e9 des transferts. Le club pourrait&hellip;\n","protected":false},"author":2,"featured_media":292487,"comment_status":"","ping_status":"","sticky":false,"template":"","format":"standard","meta":{"footnotes":""},"categories":[1888],"tags":[1111,1928,11,1927,1777,674,63,1011,27,1434,12,1926,626,445,1925,25],"class_list":{"0":"post-292486","1":"post","2":"type-post","3":"status-publish","4":"format-standard","5":"has-post-thumbnail","7":"category-paris","8":"tag-actu","9":"tag-actu-paris","10":"tag-actualites","11":"tag-actualites-paris","12":"tag-eu","13":"tag-europe","14":"tag-football","15":"tag-fr","16":"tag-france","17":"tag-mercato","18":"tag-news","19":"tag-news-paris","20":"tag-paris","21":"tag-paris-fc","22":"tag-paris-news","23":"tag-republique-francaise"},"share_on_mastodon":{"url":"https:\/\/pubeurope.com\/@fr\/114962022015388567","error":""},"_links":{"self":[{"href":"https:\/\/www.europesays.com\/fr\/wp-json\/wp\/v2\/posts\/292486","targetHints":{"allow":["GET"]}}],"collection":[{"href":"https:\/\/www.europesays.com\/fr\/wp-json\/wp\/v2\/posts"}],"about":[{"href":"https:\/\/www.europesays.com\/fr\/wp-json\/wp\/v2\/types\/post"}],"author":[{"embeddable":true,"href":"https:\/\/www.europesays.com\/fr\/wp-json\/wp\/v2\/users\/2"}],"replies":[{"embeddable":true,"href":"https:\/\/www.europesays.com\/fr\/wp-json\/wp\/v2\/comments?post=292486"}],"version-history":[{"count":0,"href":"https:\/\/www.europesays.com\/fr\/wp-json\/wp\/v2\/posts\/292486\/revisions"}],"wp:featuredmedia":[{"embeddable":true,"href":"https:\/\/www.europesays.com\/fr\/wp-json\/wp\/v2\/media\/292487"}],"wp:attachment":[{"href":"https:\/\/www.europesays.com\/fr\/wp-json\/wp\/v2\/media?parent=292486"}],"wp:term":[{"taxonomy":"category","embeddable":true,"href":"https:\/\/www.europesays.com\/fr\/wp-json\/wp\/v2\/categories?post=292486"},{"taxonomy":"post_tag","embeddable":true,"href":"https:\/\/www.europesays.com\/fr\/wp-json\/wp\/v2\/tags?post=292486"}],"curies":[{"name":"wp","href":"https:\/\/api.w.org\/{rel}","templated":true}]}}