{"id":292489,"date":"2025-08-03T00:34:16","date_gmt":"2025-08-03T00:34:16","guid":{"rendered":"https:\/\/www.europesays.com\/fr\/292489\/"},"modified":"2025-08-03T00:34:16","modified_gmt":"2025-08-03T00:34:16","slug":"le-paris-fc-et-le-havre-dos-a-dos","status":"publish","type":"post","link":"https:\/\/www.europesays.com\/fr\/292489\/","title":{"rendered":"le Paris FC et Le Havre dos \u00e0 dos"},"content":{"rendered":"<p>Promu en Ligue 1, le Paris FC a tenu en \u00e9chec Le Havre en match de pr\u00e9paration avant la reprise du championnat.<\/p>\n<p class=\"fig-paragraph\">Lors de son match de pr\u00e9paration sur son terrain d\u2019entra\u00eenement, \u00e0 Orly,\u00a0<a href=\"http:\/\/www.lefigaro.fr\/sports\/football\/transferts\/mercato-hamari-traore-se-rapproche-du-paris-fc-hector-fort-comme-plan-b-20250802\" data-fig-type=\"NewsFlash\" data-gtm-custom-categorie=\"navigation\" data-gtm-custom-action=\"crossclick\" data-gtm-custom-label=\"Contextuel\" data-gtm-event=\"customEventSPE\" data-fig-domain=\"LEFIGARO\" rel=\"nofollow noopener\" target=\"_blank\">le Paris FC<\/a>\u00a0a obtenu le nul contre Le Havre (1-1) ce samedi, \u00e0 deux semaines de la reprise du championnat de France de Ligue 1. Alors qu\u2019ils ont encaiss\u00e9 un but d\u00e8s le d\u00e9but de la rencontre, par Issa Soumar\u00e9, les Parisiens, dominateurs, ont \u00e9galis\u00e9 par Pierre-Yves Hamel avant la pause.<\/p>\n<p class=\"fig-paragraph\">Promu en Ligue 1, l\u2019ambitieux Paris FC restait sur deux victoires en pr\u00e9paration, contre Saint-Etienne (3-0) et Sion (3-1), apr\u00e8s une d\u00e9faite inaugurale contre les Belges de l\u2019Union Saint-Gilloise (0-1).<\/p>\n","protected":false},"excerpt":{"rendered":"Promu en Ligue 1, le Paris FC a tenu en \u00e9chec Le Havre en match de pr\u00e9paration avant&hellip;\n","protected":false},"author":2,"featured_media":292490,"comment_status":"","ping_status":"","sticky":false,"template":"","format":"standard","meta":{"footnotes":""},"categories":[1888],"tags":[11,1777,674,1011,27,4447,12,626,445,25],"class_list":{"0":"post-292489","1":"post","2":"type-post","3":"status-publish","4":"format-standard","5":"has-post-thumbnail","7":"category-paris","8":"tag-actualites","9":"tag-eu","10":"tag-europe","11":"tag-fr","12":"tag-france","13":"tag-le-havre-ac","14":"tag-news","15":"tag-paris","16":"tag-paris-fc","17":"tag-republique-francaise"},"share_on_mastodon":{"url":"https:\/\/pubeurope.com\/@fr\/114962029915727945","error":""},"_links":{"self":[{"href":"https:\/\/www.europesays.com\/fr\/wp-json\/wp\/v2\/posts\/292489","targetHints":{"allow":["GET"]}}],"collection":[{"href":"https:\/\/www.europesays.com\/fr\/wp-json\/wp\/v2\/posts"}],"about":[{"href":"https:\/\/www.europesays.com\/fr\/wp-json\/wp\/v2\/types\/post"}],"author":[{"embeddable":true,"href":"https:\/\/www.europesays.com\/fr\/wp-json\/wp\/v2\/users\/2"}],"replies":[{"embeddable":true,"href":"https:\/\/www.europesays.com\/fr\/wp-json\/wp\/v2\/comments?post=292489"}],"version-history":[{"count":0,"href":"https:\/\/www.europesays.com\/fr\/wp-json\/wp\/v2\/posts\/292489\/revisions"}],"wp:featuredmedia":[{"embeddable":true,"href":"https:\/\/www.europesays.com\/fr\/wp-json\/wp\/v2\/media\/292490"}],"wp:attachment":[{"href":"https:\/\/www.europesays.com\/fr\/wp-json\/wp\/v2\/media?parent=292489"}],"wp:term":[{"taxonomy":"category","embeddable":true,"href":"https:\/\/www.europesays.com\/fr\/wp-json\/wp\/v2\/categories?post=292489"},{"taxonomy":"post_tag","embeddable":true,"href":"https:\/\/www.europesays.com\/fr\/wp-json\/wp\/v2\/tags?post=292489"}],"curies":[{"name":"wp","href":"https:\/\/api.w.org\/{rel}","templated":true}]}}