{"id":292491,"date":"2025-08-03T00:35:26","date_gmt":"2025-08-03T00:35:26","guid":{"rendered":"https:\/\/www.europesays.com\/fr\/292491\/"},"modified":"2025-08-03T00:35:26","modified_gmt":"2025-08-03T00:35:26","slug":"la-russie-veut-exploiter-luranium-et-developper-le-nucleaire-civil-au-niger","status":"publish","type":"post","link":"https:\/\/www.europesays.com\/fr\/292491\/","title":{"rendered":"La Russie veut \u00ab\u00a0exploiter l\u2019uranium\u00a0\u00bb et d\u00e9velopper le nucl\u00e9aire civil au Niger"},"content":{"rendered":"<p>                          <img loading=\"lazy\" decoding=\"async\" src=\"https:\/\/www.europesays.com\/fr\/wp-content\/uploads\/2025\/08\/02cc532_upload-1-wamuveelzq4k-2014-02-12t120000z-1830403680-gm1ea2c15fc01-rtrmadp-3-niger-areva.JPG\" alt=\"La mine d\u2019uranium de la Soma\u00efr, \u00e0 Arlit, au Niger, le 25\u00a0septembre 2013.\"   width=\"664\" height=\"443\"\/>    La mine d\u2019uranium de la Soma\u00efr, \u00e0 Arlit, au Niger, le 25\u00a0septembre 2013.  JOE PENNEY \/ REUTERS                   <\/p>\n<p class=\"article__paragraph  \">La Russie veut \u00ab\u00a0exploiter l\u2019uranium\u00a0\u00bb et d\u00e9velopper le nucl\u00e9aire civil au Niger, a d\u00e9clar\u00e9, lundi 28\u00a0juillet, le ministre de l\u2019\u00e9nergie russe, Sergue\u00ef Tsiviliov, en visite officielle \u00e0 Niamey, o\u00f9 il s\u2019est entretenu avec le g\u00e9n\u00e9ral Abdourahamane Tiani sur la coop\u00e9ration \u00e9conomique entre les deux pays. Le groupe russe Rosatom et le minist\u00e8re de l\u2019\u00e9nergie nig\u00e9rien ont \u00e0 cette occasion sign\u00e9 \u00ab\u00a0un m\u00e9morandum de compr\u00e9hension mutuelle\u00a0\u00bb sur la coop\u00e9ration dans le domaine du nucl\u00e9aire civil, selon un communiqu\u00e9 du minist\u00e8re de l\u2019\u00e9nergie russe. \u00ab\u00a0Notre t\u00e2che est non seulement de participer \u00e0 l\u2019extraction de l\u2019uranium, mais de cr\u00e9er tout un syst\u00e8me de d\u00e9veloppement du nucl\u00e9aire civil au Niger\u00a0\u00bb, a soulign\u00e9 Sergue\u00ef Tsiviliov, cit\u00e9 dans le communiqu\u00e9.<\/p>\n<p>                                     Lire aussi |  Article r\u00e9serv\u00e9 \u00e0 nos abonn\u00e9s  <a href=\"https:\/\/www.lemonde.fr\/afrique\/article\/2025\/05\/26\/apres-s-etre-rapprochee-du-niger-la-russie-convoite-l-uranium-extrait-par-le-francais-orano_6608665_3212.html\" class=\"js-article-read-also catcher--favoris__link\" data-premium=\"1\" id=\"article-title-3424302\" rel=\"nofollow noopener\" target=\"_blank\">Apr\u00e8s s\u2019\u00eatre rapproch\u00e9e du Niger, la Russie convoite l\u2019uranium extrait par le fran\u00e7ais Orano<\/a>    <\/p>\n<p>   Lire plus tard  <\/p>\n<p class=\"article__paragraph  \">Le Niger est dirig\u00e9 par une junte militaire issue d\u2019un coup d\u2019Etat, en juillet\u00a02023, avec \u00e0 sa t\u00eate le g\u00e9n\u00e9ral Abdourahamane Tiani, qui revendique une politique souverainiste. Les militaires au pouvoir ont tourn\u00e9 le dos \u00e0 la France, l\u2019ex-puissance coloniale, pour se rapprocher de la Russie, qui les aide dans la lutte antidjihadiste.<\/p>\n<p class=\"article__paragraph  \">Depuis son arriv\u00e9e au pouvoir, la junte a d\u00e9clar\u00e9 plusieurs fois qu\u2019elle souhaitait revoir le syst\u00e8me d\u2019exploitation des mati\u00e8res premi\u00e8res par des compagnies \u00e9trang\u00e8res. En d\u00e9cembre\u00a02024, le g\u00e9ant fran\u00e7ais de l\u2019uranium Orano avait act\u00e9 la perte du contr\u00f4le op\u00e9rationnel de ses trois filiales mini\u00e8res au Niger, qu\u2019il d\u00e9tenait \u00e0 plus de 60\u00a0%\u00a0: la Soma\u00efr, la Cominak (ferm\u00e9e depuis 2021) et celle du gisement d\u2019Imouraren, l\u2019un des plus importants au monde. En mai, Orano a d\u00e9clar\u00e9 \u00e0 l\u2019Agence France-Presse (AFP) que plusieurs acteurs avaient exprim\u00e9 leur int\u00e9r\u00eat pour la reprise de ses sites miniers au Niger. Et en juin, <a href=\"https:\/\/www.lemonde.fr\/afrique\/article\/2025\/06\/20\/le-niger-nationalise-la-filiale-du-geant-francais-de-l-uranium-orano-un-nouvel-acte-marquant-la-rupture-du-regime-avec-paris_6614686_3212.html\" rel=\"nofollow noopener\" target=\"_blank\">le r\u00e9gime militaire a nationalis\u00e9 la Soma\u00efr<\/a>.<\/p>\n<p>                                Lire la chronique |  Article r\u00e9serv\u00e9 \u00e0 nos abonn\u00e9s  <a href=\"https:\/\/www.lemonde.fr\/economie\/article\/2025\/06\/20\/orano-la-perte-d-une-source-d-approvisionnement-d-uranium-au-niger-vient-tester-les-limites-de-la-souverainete-francaise-sur-le-nucleaire_6614784_3234.html\" class=\"js-article-read-also catcher--favoris__link\" data-premium=\"1\" id=\"article-title-3427950\" rel=\"nofollow noopener\" target=\"_blank\">Orano\u00a0: \u00ab\u00a0La perte d\u2019une source d\u2019approvisionnement d\u2019uranium au Niger vient tester les limites de la souverainet\u00e9 fran\u00e7aise sur le nucl\u00e9aire\u00a0\u00bb<\/a>    <\/p>\n<p>   Lire plus tard  <\/p>\n<p class=\"article__paragraph  \">Aucune information n\u2019a filtr\u00e9 lundi, lors de la visite du ministre russe de l\u2019\u00e9nergie, indiquant que ce seraient des sites d\u2019Orano qui passeraient sous contr\u00f4le russe. Sollicit\u00e9 par l\u2019AFP, Orano n\u2019a pas voulu s\u2019exprimer dans l\u2019imm\u00e9diat sur la volont\u00e9 de Moscou d\u2019\u00ab\u00a0exploiter\u00a0\u00bb l\u2019uranium nig\u00e9rien.<\/p>\n<p class=\"article__paragraph  \">L\u2019uranium a \u00e9t\u00e9 d\u00e9couvert dans le pays en\u00a01957 par le Bureau de recherches g\u00e9ologiques et mini\u00e8res fran\u00e7ais, et les mines sont entr\u00e9es en production en\u00a01971. En\u00a02023, le pays a produit 3\u00a0527\u00a0tonnes d\u2019uranium, soit 6,3\u00a0% de la production mondiale, selon la soci\u00e9t\u00e9 d\u2019analyse de donn\u00e9es GlobalData.<\/p>\n<p class=\"author__detail\">  Le Monde avec AFP  <\/p>\n","protected":false},"excerpt":{"rendered":"La mine d\u2019uranium de la Soma\u00efr, \u00e0 Arlit, au Niger, le 25\u00a0septembre 2013. JOE PENNEY \/ REUTERS La&hellip;\n","protected":false},"author":2,"featured_media":292492,"comment_status":"","ping_status":"","sticky":false,"template":"","format":"standard","meta":{"footnotes":""},"categories":[1591],"tags":[11,1887,12,1885,1886,132],"class_list":{"0":"post-292491","1":"post","2":"type-post","3":"status-publish","4":"format-standard","5":"has-post-thumbnail","7":"category-russie","8":"tag-actualites","9":"tag-federation-de-russie","10":"tag-news","11":"tag-russia","12":"tag-russian-federation","13":"tag-russie"},"share_on_mastodon":{"url":"https:\/\/pubeurope.com\/@fr\/114962033858053518","error":""},"_links":{"self":[{"href":"https:\/\/www.europesays.com\/fr\/wp-json\/wp\/v2\/posts\/292491","targetHints":{"allow":["GET"]}}],"collection":[{"href":"https:\/\/www.europesays.com\/fr\/wp-json\/wp\/v2\/posts"}],"about":[{"href":"https:\/\/www.europesays.com\/fr\/wp-json\/wp\/v2\/types\/post"}],"author":[{"embeddable":true,"href":"https:\/\/www.europesays.com\/fr\/wp-json\/wp\/v2\/users\/2"}],"replies":[{"embeddable":true,"href":"https:\/\/www.europesays.com\/fr\/wp-json\/wp\/v2\/comments?post=292491"}],"version-history":[{"count":0,"href":"https:\/\/www.europesays.com\/fr\/wp-json\/wp\/v2\/posts\/292491\/revisions"}],"wp:featuredmedia":[{"embeddable":true,"href":"https:\/\/www.europesays.com\/fr\/wp-json\/wp\/v2\/media\/292492"}],"wp:attachment":[{"href":"https:\/\/www.europesays.com\/fr\/wp-json\/wp\/v2\/media?parent=292491"}],"wp:term":[{"taxonomy":"category","embeddable":true,"href":"https:\/\/www.europesays.com\/fr\/wp-json\/wp\/v2\/categories?post=292491"},{"taxonomy":"post_tag","embeddable":true,"href":"https:\/\/www.europesays.com\/fr\/wp-json\/wp\/v2\/tags?post=292491"}],"curies":[{"name":"wp","href":"https:\/\/api.w.org\/{rel}","templated":true}]}}