{"id":292493,"date":"2025-08-03T00:36:13","date_gmt":"2025-08-03T00:36:13","guid":{"rendered":"https:\/\/www.europesays.com\/fr\/292493\/"},"modified":"2025-08-03T00:36:13","modified_gmt":"2025-08-03T00:36:13","slug":"ukraine-incendie-maitrise-pres-de-la-centrale-nucleaire-de-zaporijjia-selon-la-russie-02-08-2025-a-1505","status":"publish","type":"post","link":"https:\/\/www.europesays.com\/fr\/292493\/","title":{"rendered":"Ukraine-Incendie ma\u00eetris\u00e9 pr\u00e8s de la centrale nucl\u00e9aire de Zaporijjia, selon la Russie &#8211; 02\/08\/2025 \u00e0 15:05"},"content":{"rendered":"<p>\n Un incendie qui s&rsquo;\u00e9tait d\u00e9clar\u00e9 pr\u00e8s<br \/>\nde la centrale nucl\u00e9aire de Zaporijjia apr\u00e8s un bombardement<br \/>\nukrainien a \u00e9t\u00e9 ma\u00eetris\u00e9, a d\u00e9clar\u00e9 samedi l&rsquo;administration<br \/>\nrusse de la centrale situ\u00e9e en Ukraine.\n<\/p>\n<p>\n Les forces russes se sont empar\u00e9es de la centrale de<br \/>\nZaporijjia au cours des premi\u00e8res semaines de l&rsquo;invasion de<br \/>\nl&rsquo;Ukraine, d\u00e9clench\u00e9e par Moscou en f\u00e9vrier 2022. Depuis, les<br \/>\ndeux parties s&rsquo;accusent mutuellement de tirs et d&rsquo;autres actes<br \/>\nsusceptibles de d\u00e9clencher un accident nucl\u00e9aire.\n<\/p>\n<p>\n L&rsquo;administration de la centrale a d\u00e9clar\u00e9 sur Telegram qu&rsquo;un<br \/>\ncivil avait \u00e9t\u00e9 tu\u00e9 dans le bombardement, mais qu&rsquo;aucun employ\u00e9<br \/>\ndu site ou membre des services de secours n&rsquo;avait \u00e9t\u00e9 bless\u00e9.\n<\/p>\n<p>\n Reuters n&rsquo;a pas pu v\u00e9rifier ces informations de mani\u00e8re<br \/>\nind\u00e9pendante.\n<\/p>\n<p>\n La centrale Zaporijjia, la plus grande d&rsquo;Europe, n&rsquo;est pas<br \/>\nen activit\u00e9 mais a besoin d&rsquo;\u00eatre elle-m\u00eame aliment\u00e9e en<br \/>\n\u00e9lectricit\u00e9 pour refroidir son combustible nucl\u00e9aire.\n<\/p>\n<p>\n La direction du site, mise en place par la Russie, a d\u00e9clar\u00e9<br \/>\nque les niveaux de radiation restaient dans les limites normales<br \/>\net que la situation \u00e9tait sous contr\u00f4le.\n<\/p>\n<p>\n (Reportage Alexander Marrow, version fran\u00e7aise Benjamin Mallet)<\/p>\n","protected":false},"excerpt":{"rendered":"Un incendie qui s&rsquo;\u00e9tait d\u00e9clar\u00e9 pr\u00e8s de la centrale nucl\u00e9aire de Zaporijjia apr\u00e8s un bombardement ukrainien a \u00e9t\u00e9&hellip;\n","protected":false},"author":2,"featured_media":2486,"comment_status":"","ping_status":"","sticky":false,"template":"","format":"standard","meta":{"footnotes":""},"categories":[1590],"tags":[400,11,398,408,405,1777,674,403,402,399,404,12,401,406,220,407],"class_list":{"0":"post-292493","1":"post","2":"type-post","3":"status-publish","4":"format-standard","5":"has-post-thumbnail","7":"category-ukraine","8":"tag-action-cac-40","9":"tag-actualites","10":"tag-bourse-de-paris","11":"tag-boursorama","12":"tag-cotations","13":"tag-eu","14":"tag-europe","15":"tag-indices-devises","16":"tag-investir","17":"tag-investissement","18":"tag-marche-boursier","19":"tag-news","20":"tag-sicav","21":"tag-trackers","22":"tag-ukraine","23":"tag-warrants"},"share_on_mastodon":{"url":"https:\/\/pubeurope.com\/@fr\/114962037689480570","error":""},"_links":{"self":[{"href":"https:\/\/www.europesays.com\/fr\/wp-json\/wp\/v2\/posts\/292493","targetHints":{"allow":["GET"]}}],"collection":[{"href":"https:\/\/www.europesays.com\/fr\/wp-json\/wp\/v2\/posts"}],"about":[{"href":"https:\/\/www.europesays.com\/fr\/wp-json\/wp\/v2\/types\/post"}],"author":[{"embeddable":true,"href":"https:\/\/www.europesays.com\/fr\/wp-json\/wp\/v2\/users\/2"}],"replies":[{"embeddable":true,"href":"https:\/\/www.europesays.com\/fr\/wp-json\/wp\/v2\/comments?post=292493"}],"version-history":[{"count":0,"href":"https:\/\/www.europesays.com\/fr\/wp-json\/wp\/v2\/posts\/292493\/revisions"}],"wp:featuredmedia":[{"embeddable":true,"href":"https:\/\/www.europesays.com\/fr\/wp-json\/wp\/v2\/media\/2486"}],"wp:attachment":[{"href":"https:\/\/www.europesays.com\/fr\/wp-json\/wp\/v2\/media?parent=292493"}],"wp:term":[{"taxonomy":"category","embeddable":true,"href":"https:\/\/www.europesays.com\/fr\/wp-json\/wp\/v2\/categories?post=292493"},{"taxonomy":"post_tag","embeddable":true,"href":"https:\/\/www.europesays.com\/fr\/wp-json\/wp\/v2\/tags?post=292493"}],"curies":[{"name":"wp","href":"https:\/\/api.w.org\/{rel}","templated":true}]}}