{"id":292494,"date":"2025-08-03T00:37:15","date_gmt":"2025-08-03T00:37:15","guid":{"rendered":"https:\/\/www.europesays.com\/fr\/292494\/"},"modified":"2025-08-03T00:37:15","modified_gmt":"2025-08-03T00:37:15","slug":"droits-de-douane-bachmann-suspend-lexportation-de-chocolat-aux-etats-unis","status":"publish","type":"post","link":"https:\/\/www.europesays.com\/fr\/292494\/","title":{"rendered":"Droits de douane: Bachmann suspend l&rsquo;exportation de chocolat aux Etats-Unis"},"content":{"rendered":"<p>Le port de Callao, le principal du P\u00e9rou, pr\u00e8s de Lima, a rouvert vendredi apr\u00e8s une fermeture de six heures due \u00e0 la chute en mer d\u2019une cinquantaine de conteneurs d\u2019un navire battant pavillon ta\u00efwanais, selon la Marine.<\/p>\n<p>\u00abNous avons proc\u00e9d\u00e9 \u00e0 la r\u00e9ouverture pour continuer les op\u00e9rations dans le port\u00bb, a indiqu\u00e9 le capitaine du port, Am\u00edlcar Vel\u00e1squez, \u00e0 la cha\u00eene de t\u00e9l\u00e9vision canal N. Il a pr\u00e9cis\u00e9 qu\u2019une patrouille maritime surveillait les lieux \u00abpour que les embarcations ne passent pas \u00e0 l\u2019endroit\u00bb o\u00f9 s\u2019est produit l\u2019accident.<\/p>\n<p>Selon la presse, celui-ci a \u00e9t\u00e9 provoqu\u00e9 par les vagues, d\u2019une puissance inhabituelle, qui battent le littoral ces derniers jours.<\/p>\n<p>La Marine a d\u00e9ploy\u00e9 deux navires pour coordonner la recherche des conteneurs.<\/p>\n<p>\u00abCe n\u2019est pas une cargaison dangereuse susceptible de polluer la mer\u00bb, avait auparavant assur\u00e9 M. Vel\u00e1squez \u00e0 la radio. Le porte-conteneurs Ever Lunar \u00abne proc\u00e9dait pas \u00e0 des op\u00e9rations de chargement ou de d\u00e9chargement \u00e0 ce moment-l\u00e0\u00bb, avait-il dit.<\/p>\n<p>Le navire transportait 7000 conteneurs et arrivait du Panama.<\/p>\n","protected":false},"excerpt":{"rendered":"Le port de Callao, le principal du P\u00e9rou, pr\u00e8s de Lima, a rouvert vendredi apr\u00e8s une fermeture de&hellip;\n","protected":false},"author":2,"featured_media":292495,"comment_status":"","ping_status":"","sticky":false,"template":"","format":"standard","meta":{"footnotes":""},"categories":[1589],"tags":[11,73,1866,12,1864,1865,1863,308],"class_list":{"0":"post-292494","1":"post","2":"type-post","3":"status-publish","4":"format-standard","5":"has-post-thumbnail","7":"category-etats-unis","8":"tag-actualites","9":"tag-etats-unis","10":"tag-etats-unis-damerique","11":"tag-news","12":"tag-united-states","13":"tag-united-states-of-america","14":"tag-us","15":"tag-usa"},"share_on_mastodon":{"url":"https:\/\/pubeurope.com\/@fr\/114962041638955226","error":""},"_links":{"self":[{"href":"https:\/\/www.europesays.com\/fr\/wp-json\/wp\/v2\/posts\/292494","targetHints":{"allow":["GET"]}}],"collection":[{"href":"https:\/\/www.europesays.com\/fr\/wp-json\/wp\/v2\/posts"}],"about":[{"href":"https:\/\/www.europesays.com\/fr\/wp-json\/wp\/v2\/types\/post"}],"author":[{"embeddable":true,"href":"https:\/\/www.europesays.com\/fr\/wp-json\/wp\/v2\/users\/2"}],"replies":[{"embeddable":true,"href":"https:\/\/www.europesays.com\/fr\/wp-json\/wp\/v2\/comments?post=292494"}],"version-history":[{"count":0,"href":"https:\/\/www.europesays.com\/fr\/wp-json\/wp\/v2\/posts\/292494\/revisions"}],"wp:featuredmedia":[{"embeddable":true,"href":"https:\/\/www.europesays.com\/fr\/wp-json\/wp\/v2\/media\/292495"}],"wp:attachment":[{"href":"https:\/\/www.europesays.com\/fr\/wp-json\/wp\/v2\/media?parent=292494"}],"wp:term":[{"taxonomy":"category","embeddable":true,"href":"https:\/\/www.europesays.com\/fr\/wp-json\/wp\/v2\/categories?post=292494"},{"taxonomy":"post_tag","embeddable":true,"href":"https:\/\/www.europesays.com\/fr\/wp-json\/wp\/v2\/tags?post=292494"}],"curies":[{"name":"wp","href":"https:\/\/api.w.org\/{rel}","templated":true}]}}