{"id":292498,"date":"2025-08-03T00:39:14","date_gmt":"2025-08-03T00:39:14","guid":{"rendered":"https:\/\/www.europesays.com\/fr\/292498\/"},"modified":"2025-08-03T00:39:14","modified_gmt":"2025-08-03T00:39:14","slug":"le-chef-de-lotan-salue-la-decision-de-lallemagne-denvoyer-davantage-de-systemes-patriot-a-lukraine-anadolu-ajansi","status":"publish","type":"post","link":"https:\/\/www.europesays.com\/fr\/292498\/","title":{"rendered":"Le chef de l&#039;OTAN salue la d\u00e9cision de l&#039;Allemagne d&#039;envoyer davantage de syst\u00e8mes Patriot \u00e0 l&#039;Ukraine &#8211; Anadolu Ajans\u0131"},"content":{"rendered":"<ol>\n<li><a href=\"https:\/\/news.google.com\/rss\/articles\/CBMi7AFBVV95cUxPTnlWQzhvcXU2TkdyaE5odmpKLXBRbmRaSnVQWmNLRE5GWUVqbXpwSTlWNmllNERfell5X2liczZLVU0tVnF0N2ktaGQxOXFSdnlsMTdMdEZZbXZxZmZBb3UtZ2h1R0ZUM2pzT1hmWm82UUZVekoxLTlxOWcxT2RGcjZQQlhfWmJ2RmhqRXpsZ243OUlackoxVmthWm5BWEdDemEyYTA5MXZtb01ONXlPWDlZc1ZSSHJuVkpPZnhrZzN5MFU2SF9VUlc0b1U2OXRub2VoWG9LYnk0VFNaVURZRlpKeUQyRU13a3kyag?oc=5\" target=\"_blank\" rel=\"noopener\">Le chef de l&rsquo;OTAN salue la d\u00e9cision de l&rsquo;Allemagne d&rsquo;envoyer davantage de syst\u00e8mes Patriot \u00e0 l&rsquo;Ukraine<\/a>&nbsp;&nbsp;Anadolu Ajans\u0131<\/li>\n<li><a href=\"https:\/\/news.google.com\/rss\/articles\/CBMilwJBVV95cUxPMUJlZWpWZDNBTWtfd0RqRkthQVRONm92eVp1UU50d1BkX0NoVVBvWVNodV9nZmh4em5uSkVEVEZaWFVDQ3ZHYks0ejItRl9DLW11ZVdOczk4c0ktMVhMSmxnQy1WUWFVZm5sLUFXeXpMUDRfeUllMmZEUFRMTEtpMGpOYW5oRmRNYUc4SWZGZkNyUjE3VkNvTFZLRXhHWjMzdE1tZm5DTTBXb2NucjlsbzY5Y2Y1VHgwOXlEVWtGMEx3clVka1lxdzZ0VmVxV1daN21WNDFhLTN2NVg0dUxKNHhtNWk3bFdENVhFbzZVN21LdVZVRFZXdnVCck5xMDZtMGFtb21sVm8wdWM0eU56eEEwQnppbXc?oc=5\" target=\"_blank\" rel=\"noopener\">L&rsquo;Allemagne annonce la livraison imminente de deux nouveaux lanceurs Patriot am\u00e9ricains \u00e0 l&rsquo;Ukraine<\/a>&nbsp;&nbsp;BFMTV<\/li>\n<li><a href=\"https:\/\/news.google.com\/rss\/articles\/CBMi-wFBVV95cUxNWFczbkNHa1pvQ0M1VXNKTE5vNUJsOGE2V1FrN29xTzNPSXI0NTJmUFg1RkdpVnY2TWpzWWNxbGNVN2VzWTIwREZ3WVhBdU1HV05fQVZMVkk3M3pNNU9CdHNwX1BGUFJWVVpGc3A5b3VYTlkwUGpwNGtSTmVfajZNbThFXzEzQm4tQ1NheHY0R2R1VXg4RlNfVDJUdW5rLXBwS3hGeHNtV09mOERra3NyYzdiM2VLUW5VcloyXzA3ejdMMjZXT2dZVnBHcW53clpqblVJaFZyczBkaFpQaWZZSUF4QTBaUEdRVFVSeTFtcXVnSkxyVGJtV3dabw?oc=5\" target=\"_blank\" rel=\"noopener\">Guerre en Ukraine : Berlin annonce la livraison imminente de deux batteries antimissiles Patriot \u00e0 Kiev<\/a>&nbsp;&nbsp;Sud Ouest<\/li>\n<li><a href=\"https:\/\/news.google.com\/rss\/articles\/CBMipgFBVV95cUxOaWhBYml5S0NqZkZneTZsWWx2d2JOT3hFOXpmaXNnYnA4OWdjd1hJZ28ySWR5XzI3ckM4RWtRVDFxTkM4MTVja2NLRUtPdDRtVmFYaGJPeHB2M0cxZEJ1a3E0ZDR2djFJVzhBUXgxdm1lSENscno4MHd0NlRRX0JienYwU0xyd1Jvc0xfVER4Z1hIMlIxWlk2dGtCSWFlN1ZIc3lxempB?oc=5\" target=\"_blank\" rel=\"noopener\">L&rsquo;Allemagne va livrer deux syst\u00e8mes Patriot am\u00e9ricains \u00e0 l&rsquo;Ukraine<\/a>&nbsp;&nbsp;Challenges<\/li>\n<li><a href=\"https:\/\/news.google.com\/rss\/articles\/CBMimgJBVV95cUxOUTNZNDFvMnFPU2lnU2FEakFwbzE4TWZfWC1HajY0M0ZfUFh6ZWlSM1U2cTJRZ2tjR3pwbDFFYW4wQkxuR3g0MDJDWFlYTXdIbUo1NkZueEE4UlppSm9CS3FIZ1ZfYXNzM094NkVsZWhWVW1IZjhzOEUybDh5R1B1ODhoRmlmWTBPWXFCOFlfYng2MkhDaWpSazBVS0hEQVVVcDJyZ0gxNlc2b1gtU3VtMGFFSWNfVW5NekZwMHZXNHNjbmxQQ2xPSDM3ZHdUOEtSTGNqZFAtcTVjQTI2N2JkclZWekFJX2JJd2tUWkFyaXVZZmpRQTJkQW5qSUQtMVJGazRhOE84LTBCTnktdUx0SHg3c3BTT3lpT1E?oc=5\" target=\"_blank\" rel=\"noopener\">Guerre en Ukraine : qu\u2019est-ce que l\u2019Iris-T, ce missile de d\u00e9fense antia\u00e9rienne allemand command\u00e9 par Kiev<\/a>&nbsp;&nbsp;Le Parisien<\/li>\n<\/ol>\n","protected":false},"excerpt":{"rendered":"Le chef de l&rsquo;OTAN salue la d\u00e9cision de l&rsquo;Allemagne d&rsquo;envoyer davantage de syst\u00e8mes Patriot \u00e0 l&rsquo;Ukraine&nbsp;&nbsp;Anadolu Ajans\u0131 L&rsquo;Allemagne&hellip;\n","protected":false},"author":2,"featured_media":292499,"comment_status":"","ping_status":"","sticky":false,"template":"","format":"standard","meta":{"footnotes":""},"categories":[1587],"tags":[11,672,1785,1804,1805,1803,1777,674,1801,2287,12,136,1802,220],"class_list":{"0":"post-292498","1":"post","2":"type-post","3":"status-publish","4":"format-standard","5":"has-post-thumbnail","7":"category-allemagne","8":"tag-actualites","9":"tag-allemagne","10":"tag-anadolu-ajansi","11":"tag-bundesrepublik-deutschland","12":"tag-de","13":"tag-deutschland","14":"tag-eu","15":"tag-europe","16":"tag-germany","17":"tag-mark-rutte","18":"tag-news","19":"tag-otan","20":"tag-republique-federale-dallemagne","21":"tag-ukraine"},"share_on_mastodon":{"url":"https:\/\/pubeurope.com\/@fr\/114962049618560984","error":""},"_links":{"self":[{"href":"https:\/\/www.europesays.com\/fr\/wp-json\/wp\/v2\/posts\/292498","targetHints":{"allow":["GET"]}}],"collection":[{"href":"https:\/\/www.europesays.com\/fr\/wp-json\/wp\/v2\/posts"}],"about":[{"href":"https:\/\/www.europesays.com\/fr\/wp-json\/wp\/v2\/types\/post"}],"author":[{"embeddable":true,"href":"https:\/\/www.europesays.com\/fr\/wp-json\/wp\/v2\/users\/2"}],"replies":[{"embeddable":true,"href":"https:\/\/www.europesays.com\/fr\/wp-json\/wp\/v2\/comments?post=292498"}],"version-history":[{"count":0,"href":"https:\/\/www.europesays.com\/fr\/wp-json\/wp\/v2\/posts\/292498\/revisions"}],"wp:featuredmedia":[{"embeddable":true,"href":"https:\/\/www.europesays.com\/fr\/wp-json\/wp\/v2\/media\/292499"}],"wp:attachment":[{"href":"https:\/\/www.europesays.com\/fr\/wp-json\/wp\/v2\/media?parent=292498"}],"wp:term":[{"taxonomy":"category","embeddable":true,"href":"https:\/\/www.europesays.com\/fr\/wp-json\/wp\/v2\/categories?post=292498"},{"taxonomy":"post_tag","embeddable":true,"href":"https:\/\/www.europesays.com\/fr\/wp-json\/wp\/v2\/tags?post=292498"}],"curies":[{"name":"wp","href":"https:\/\/api.w.org\/{rel}","templated":true}]}}