{"id":29251,"date":"2025-04-16T12:53:10","date_gmt":"2025-04-16T12:53:10","guid":{"rendered":"https:\/\/www.europesays.com\/fr\/29251\/"},"modified":"2025-04-16T12:53:10","modified_gmt":"2025-04-16T12:53:10","slug":"la-valette-du-var-imagine-la-ville-de-demain","status":"publish","type":"post","link":"https:\/\/www.europesays.com\/fr\/29251\/","title":{"rendered":"La Valette-du-Var imagine la ville de demain"},"content":{"rendered":"<p>                    <img loading=\"lazy\" decoding=\"async\" src=\"https:\/\/www.europesays.com\/fr\/wp-content\/uploads\/2025\/04\/d7b19275a84442b8cb20e6c4476b50.png\" class=\"img-responsive post-image\" width=\"680\" height=\"510\" alt=\"La Valette-du-Var imagine\" title=\"La Valette-du-Var imagine la ville de demain\"\/><\/p>\n<p class=\"chapo\">Thierry Albertini a accueilli Fran\u00e7oise Nyssen, ancienne ministre de la Culture, dans le cadre du projet \u00ab\u00a0(Re)g\u00e9n\u00e9rations\u00a0\u00bb.<\/p>\n<p>En compagnie du premier magistrat, la pr\u00e9sidente de l\u2019association NEEDE a rencontr\u00e9 des jeunes Valettois et leurs a\u00een\u00e9s du Conseil des Sages, qui participent, avec d\u2019autres publics, aux ateliers participatifs mis en place dans le cadre du projet \u00ab\u00a0(Re)g\u00e9n\u00e9rations\u00a0\u00bb. La visite s\u2019est conclue par la signature de ce projet novateur au sein des \u00c9coles du futur, en pr\u00e9sence de nombreux \u00e9lus du Conseil municipal dont<strong> Sylvie Laporte.<\/strong><\/p>\n<p>TRANSITION \u00c9COLOGIQUE<\/p>\n<p>\u00ab\u00a0L\u2019objectif du partenariat tiss\u00e9 entre la Ville et NEEDE est d\u2019imaginer la ville de demain, avec un dispositif de m\u00e9diation scientifique in\u00e9dit bas\u00e9 sur les enjeux de transition \u00e9cologique et sur une d\u00e9marche inclusive. Ceci permettra de d\u00e9finir une<strong> strat\u00e9gie environnementale coh\u00e9rente et partag\u00e9e<\/strong> pour penser au mieux les projets de l\u2019ann\u00e9e et ceux \u00e0 venir, dans le fil des Objectifs de D\u00e9veloppement Durable\u00a0\u00bb, insiste le maire.<\/p>\n<p>Il ajoute\u00a0: \u00ab\u00a0Le changement climatique est l\u00e0, dans notre quotidien, d\u00e9sormais perceptible \u00e0 l\u2019\u00e9chelle territoriale. Nos concitoyens en prennent peu \u00e0 peu la mesure et attendent un engagement fort des pouvoirs publics et des entreprises. La lutte contre le changement climatique rel\u00e8ve au moins autant d\u2019actions conduites au plus pr\u00e8s du local que de grands engagements internationaux, des politiques territoriales autant que des textes l\u00e9gislatifs et r\u00e9glementaires \u00a0\u00bb.<\/p>\n<p>Toutefois, les collectivit\u00e9s ont besoin de comprendre les enjeux, de mieux former les \u00e9lus, les cadres, les agents territoriaux, les salari\u00e9s et de sensibiliser et de mobiliser l\u2019ensemble des acteurs du territoire et de d\u00e9finir une strat\u00e9gie de transition.<\/p>\n<p><strong>La pr\u00e9sidente de NEEDE r\u00e9sume la d\u00e9marche de l\u2019association en trois mots\u00a0: Sensibiliser, former, accompagner.<\/strong><\/p>\n<p>Elle ajoute\u00a0: \u00ab\u00a0Afin de permettre au plus grand nombre de comprendre et de s\u2019engager dans une transition \u00e9clair\u00e9e, NEEDE d\u00e9ploie \u00ab\u00a0(Re)g\u00e9n\u00e9rations\u00a0\u00bb, un dispositif d\u2019actions de sensibilisation pour transmettre les cl\u00e9s de compr\u00e9hension des enjeux de la transition pour aujourd\u2019hui et pour demain, et les moyens d\u2019actions possibles pour chacun \u00a0\u00bb.<\/p>\n<p>Photo de Une \u00a9Alain BLANCHOT<\/p>\n","protected":false},"excerpt":{"rendered":"Thierry Albertini a accueilli Fran\u00e7oise Nyssen, ancienne ministre de la Culture, dans le cadre du projet \u00ab\u00a0(Re)g\u00e9n\u00e9rations\u00a0\u00bb. En&hellip;\n","protected":false},"author":2,"featured_media":29252,"comment_status":"","ping_status":"","sticky":false,"template":"","format":"standard","meta":{"footnotes":""},"categories":[9619],"tags":[1111,11,2408,1777,674,1011,27,12,882,25,2310],"class_list":{"0":"post-29251","1":"post","2":"type-post","3":"status-publish","4":"format-standard","5":"has-post-thumbnail","7":"category-toulon","8":"tag-actu","9":"tag-actualites","10":"tag-appels-d","11":"tag-eu","12":"tag-europe","13":"tag-fr","14":"tag-france","15":"tag-news","16":"tag-provence-alpes-cote-dazur","17":"tag-republique-francaise","18":"tag-toulon"},"share_on_mastodon":{"url":"https:\/\/pubeurope.com\/@fr\/114347743895486996","error":""},"_links":{"self":[{"href":"https:\/\/www.europesays.com\/fr\/wp-json\/wp\/v2\/posts\/29251","targetHints":{"allow":["GET"]}}],"collection":[{"href":"https:\/\/www.europesays.com\/fr\/wp-json\/wp\/v2\/posts"}],"about":[{"href":"https:\/\/www.europesays.com\/fr\/wp-json\/wp\/v2\/types\/post"}],"author":[{"embeddable":true,"href":"https:\/\/www.europesays.com\/fr\/wp-json\/wp\/v2\/users\/2"}],"replies":[{"embeddable":true,"href":"https:\/\/www.europesays.com\/fr\/wp-json\/wp\/v2\/comments?post=29251"}],"version-history":[{"count":0,"href":"https:\/\/www.europesays.com\/fr\/wp-json\/wp\/v2\/posts\/29251\/revisions"}],"wp:featuredmedia":[{"embeddable":true,"href":"https:\/\/www.europesays.com\/fr\/wp-json\/wp\/v2\/media\/29252"}],"wp:attachment":[{"href":"https:\/\/www.europesays.com\/fr\/wp-json\/wp\/v2\/media?parent=29251"}],"wp:term":[{"taxonomy":"category","embeddable":true,"href":"https:\/\/www.europesays.com\/fr\/wp-json\/wp\/v2\/categories?post=29251"},{"taxonomy":"post_tag","embeddable":true,"href":"https:\/\/www.europesays.com\/fr\/wp-json\/wp\/v2\/tags?post=29251"}],"curies":[{"name":"wp","href":"https:\/\/api.w.org\/{rel}","templated":true}]}}