{"id":292512,"date":"2025-08-03T00:47:11","date_gmt":"2025-08-03T00:47:11","guid":{"rendered":"https:\/\/www.europesays.com\/fr\/292512\/"},"modified":"2025-08-03T00:47:11","modified_gmt":"2025-08-03T00:47:11","slug":"ubb-la-bagarre-deja-annoncee-par-le-boss","status":"publish","type":"post","link":"https:\/\/www.europesays.com\/fr\/292512\/","title":{"rendered":"UBB : La bagarre d\u00e9j\u00e0 annonc\u00e9e par le boss !"},"content":{"rendered":"<p>                    Thibault Morlain<br \/>\n                        &#8211;<\/p>\n<p>Journaliste<\/p>\n<p>Apr\u00e8s s\u2019\u00eatre essay\u00e9 \u00e0 diff\u00e9rents sports, Thibault se tourne vers une carri\u00e8re de footballeur amateur. Au moment de faire un choix entre devenir footballeur professionnel et journaliste, les qualit\u00e9s ont fait pencher la balance d\u2019un c\u00f4t\u00e9. Le voil\u00e0 d\u00e9sormais au sein de la r\u00e9daction du 10 Sport, apr\u00e8s un dipl\u00f4me obtenu \u00e0 l\u2019Institut International de Communication de Paris.<\/p>\n<p class=\"heading\">A deux doigts d\u2019\u00eatre exceptionnelle, la saison 2024-2025 n\u2019en reste pas moins tr\u00e8s r\u00e9ussie. En effet, la bande \u00e0 Maxime Lucu et Matthieu Jalibert a remport\u00e9 la Coupe Europe avant donc de perdre en finale du Top 14 face au Stade Toulousain. Alors que les Bordelais vont donc revenir pour la saison \u00e0 venir avec l\u2019envie de faire mieux, Laurent Marti, pr\u00e9sident de l\u2019UBB, sait d\u00e9j\u00e0 que \u00e7a sera tr\u00e8s disput\u00e9 dans le championnat de France.\n<\/p>\n<p>Pour <a href=\"https:\/\/le10sport.com\/rugby\/transfert-a-lubb-il-balance-tout-sur-leur-separation-752382\" rel=\"nofollow noopener\" target=\"_blank\">l\u2019UBB<\/a>, la saison derni\u00e8re s\u2019est donc termin\u00e9e sur un point noir. En effet, apr\u00e8s avoir remport\u00e9 la Coupe d\u2019Europe, les Bordelais de faire le doubl\u00e9 en remportant le Top 14. Pour cela, il fallait battre le <strong>Stade Toulousain<\/strong> en finale au Stade de France. Mais voil\u00e0 qu\u2019au terme d\u2019un sc\u00e9nario compl\u00e8tement fou, cette rencontre a bascul\u00e9 en faveur des co\u00e9quipiers de <strong>Romain Ntamack<\/strong>, qui ont donc soulev\u00e9 le Bouclier de Brennus. L\u2019<strong>UBB<\/strong> va devoir revenir plus forte pour esp\u00e9rer remporter le championnat de France, mais cela ne s\u2019annonce pas si simple\u2026 <\/p>\n<p>                                            \u00ab\u00a0Il faut s\u2019attendre \u00e0 la m\u00eame saison\u00a0\u00bb<\/p>\n<p>C\u2019est le 7 septembre prochain que la saison de Top 14 reprendra ses droits. Pour l\u2019<strong>UBB,<\/strong> \u00e7a va d\u00e9buter par la r\u00e9ception du <strong>Stade Fran\u00e7ais<\/strong>. Invit\u00e9 sur le plateau de TV7, <strong>Laurent Marti<\/strong> a d\u2019ailleurs \u00e9voqu\u00e9 la saison de Top 14 \u00e0 venir. Le pr\u00e9sident bordelais a alors confi\u00e9 tout d\u2019abord : \u00ab\u00a0Il faut s\u2019attendre \u00e0 la m\u00eame saison. On va d\u2019abord saluer la mont\u00e9e de Montauban, les traiter avec beaucoup de respect, mais c\u2019est vrai que \u00e7a sera certainement difficile pour eux. Mais c\u2019est une terre de rugby, Sapiac, ce n\u2019est pas toujours facile d\u2019y aller. Ils vont s\u2019accrocher, c\u2019est certain\u00a0\u00bb. <\/p>\n<p>                                            \u00ab\u00a0Il faudra aller jusqu\u2019\u00e0 la derni\u00e8re journ\u00e9e et \u00e7a se jouera \u00e0 un point\u00a0\u00bb<\/p>\n<p>\u00ab\u00a0Sinon, on va assister \u00e0 peu pr\u00e8s au m\u00eame sc\u00e9nario : \u00e0 partir de d\u00e9cembre-janvier, on aura une id\u00e9e de ceux qui tremblent pour ne pas jouer le barrage ou descendre, ceux qui vont batailler le Top 2 et ceux qui vont batailler le Top 6. Comme d\u2019habitude, il faudra aller jusqu\u2019\u00e0 la derni\u00e8re journ\u00e9e et \u00e7a se jouera \u00e0 un point et une \u00e9quipe passera au dernier moment devant l\u2019autre\u00a0\u00bb, a poursuivi <strong>Laurent Marti<\/strong>. Pour l\u2019<strong>UBB<\/strong>, il va donc falloir batailler jusqu\u2019au bout ! <\/p>\n","protected":false},"excerpt":{"rendered":"Thibault Morlain &#8211; Journaliste Apr\u00e8s s\u2019\u00eatre essay\u00e9 \u00e0 diff\u00e9rents sports, Thibault se tourne vers une carri\u00e8re de footballeur&hellip;\n","protected":false},"author":2,"featured_media":292513,"comment_status":"","ping_status":"","sticky":false,"template":"","format":"standard","meta":{"footnotes":""},"categories":[1416],"tags":[1011,27,479,1468,60],"class_list":{"0":"post-292512","1":"post","2":"type-post","3":"status-publish","4":"format-standard","5":"has-post-thumbnail","7":"category-rugby","8":"tag-fr","9":"tag-france","10":"tag-rugby","11":"tag-rugby-football","12":"tag-sports"},"share_on_mastodon":{"url":"https:\/\/pubeurope.com\/@fr\/114962082579638015","error":""},"_links":{"self":[{"href":"https:\/\/www.europesays.com\/fr\/wp-json\/wp\/v2\/posts\/292512","targetHints":{"allow":["GET"]}}],"collection":[{"href":"https:\/\/www.europesays.com\/fr\/wp-json\/wp\/v2\/posts"}],"about":[{"href":"https:\/\/www.europesays.com\/fr\/wp-json\/wp\/v2\/types\/post"}],"author":[{"embeddable":true,"href":"https:\/\/www.europesays.com\/fr\/wp-json\/wp\/v2\/users\/2"}],"replies":[{"embeddable":true,"href":"https:\/\/www.europesays.com\/fr\/wp-json\/wp\/v2\/comments?post=292512"}],"version-history":[{"count":0,"href":"https:\/\/www.europesays.com\/fr\/wp-json\/wp\/v2\/posts\/292512\/revisions"}],"wp:featuredmedia":[{"embeddable":true,"href":"https:\/\/www.europesays.com\/fr\/wp-json\/wp\/v2\/media\/292513"}],"wp:attachment":[{"href":"https:\/\/www.europesays.com\/fr\/wp-json\/wp\/v2\/media?parent=292512"}],"wp:term":[{"taxonomy":"category","embeddable":true,"href":"https:\/\/www.europesays.com\/fr\/wp-json\/wp\/v2\/categories?post=292512"},{"taxonomy":"post_tag","embeddable":true,"href":"https:\/\/www.europesays.com\/fr\/wp-json\/wp\/v2\/tags?post=292512"}],"curies":[{"name":"wp","href":"https:\/\/api.w.org\/{rel}","templated":true}]}}