{"id":292516,"date":"2025-08-03T00:50:22","date_gmt":"2025-08-03T00:50:22","guid":{"rendered":"https:\/\/www.europesays.com\/fr\/292516\/"},"modified":"2025-08-03T00:50:22","modified_gmt":"2025-08-03T00:50:22","slug":"motogp-a-quelle-heure-et-sur-quelle-chaine-tv-suivre-la-course-sprint-en-republique-tcheque-le-parisien","status":"publish","type":"post","link":"https:\/\/www.europesays.com\/fr\/292516\/","title":{"rendered":"MotoGP : \u00e0 quelle heure et sur quelle cha\u00eene TV suivre la course sprint en R\u00e9publique tch\u00e8que ? &#8211; Le Parisien"},"content":{"rendered":"<ol>\n<li><a href=\"https:\/\/news.google.com\/rss\/articles\/CBMi-gFBVV95cUxOQVdqTFRsWm5UOUtVRDNGX2tZVC1sNVoyQWJIVXRIMkU2TUhjQlIyc1Y4S1hOZ3NiYnhVak03VTBuZWxOU1JScGpPS2ljMnJKYlY0dE5McVFtcC1yTzhaZ0gyLWNmczVLQ2xhbDFyY2dFajBpQzdfT1lGSzdZeWQzQmx4US1lNmx2N09FcU85cUhpS0VCVnVXNlU1QjVXMHhCcFpKVF9ONzE1OFYxU0lIZ0I5LUJuX2Q1OXlWZzVfWTdBVHVjdXNzQ1dUZnVOaG9aRmJGLWZHNDhfN0JxcE1tOTJaTWdHSTgxR0swSkN6bm5LRkVTVGh5NnBR?oc=5\" target=\"_blank\" rel=\"nofollow noopener\">MotoGP : \u00e0 quelle heure et sur quelle cha\u00eene TV suivre la course sprint en R\u00e9publique tch\u00e8que ?<\/a>&nbsp;&nbsp;Le Parisien<\/li>\n<li><a href=\"https:\/\/news.google.com\/rss\/articles\/CBMikAFBVV95cUxNUW40VlRLVGdGVXk1a3FGZW1HcE1SNXdWNzlkb1YwX2ZSXzN6T2p4UGl0aElCMEg2NzhRUG96QlBlNXpfcS1kT1FiQ2hBWFJRck1IT0xPeTNXbmZPNURBOEEzTmtMYlI0YnI5cXNjNDZ4alctdk9HTXQ5ZGQ3YmViMFlWaHg1QWxQdzFYcVBaOFQ?oc=5\" target=\"_blank\" rel=\"nofollow noopener\">Hulk Hogan, l\u00e9gende du catch am\u00e9ricain et fid\u00e8le de Trump, est mort<\/a>&nbsp;&nbsp;20 Minutes<\/li>\n<li><a href=\"https:\/\/news.google.com\/rss\/articles\/CBMiswFBVV95cUxQSUd4VU5kcjk3dkdXSmtjcDd5SFhLN2JBQTZ4V09RU2JRMk92SWMwNTlhRFFUckFlVndTYjhfeWRWbG9hRXJxNnB6Qmw3amJud3p5ZFFQZU4tU3kwblBHeDZJWW91TUxHVnVZb21KR3BvUGFBWTFHZ2Z0WXctYTZCVERyZUg0TTRLTWc3VXpENURlWWhEOUwxZzR4TWpRTjMxMzF6R2V5Tk5WaGs5QnpsX1dibw?oc=5\" target=\"_blank\" rel=\"nofollow noopener\">GP de Tch\u00e9quie : Quelles \u00e9volutions entre les \u00e9ditions 2020 et 2025 ?<\/a>&nbsp;&nbsp;AutoHebdo<\/li>\n<li><a href=\"https:\/\/news.google.com\/rss\/articles\/CBMi1gFBVV95cUxQTUM0bXU5dUdXTnhhbjVoYVFNT1dCNnVqb0JLYnJCdjBLWlBVU0xnTFlPalJ0Z0lVWHd6WHJSeVUxMzJGYTQxY1YzTDFfVzFRc1p1TWJ2d0RHTXl1X19uR2JXLXlaU2xrVUp6VklPeGVmVlJpRXltNGpOcVBnbTlKMmlJYjFzX2xSWDdWdkREbHBpS3FiaXpvNjZ5ZEoxcXdwenVrYVA2RDhhUFFJUXNjT29zY0owTjU3SlQ3RlUwR1N6UTRPaTE3Wi0ySHFicFlvdmhKQmxn?oc=5\" target=\"_blank\" rel=\"nofollow noopener\">Marc Marquez s&rsquo;impose au GP de Tch\u00e9quie et creuse encore l&rsquo;\u00e9cart au classement, Quartararo 6e<\/a>&nbsp;&nbsp;L&rsquo;\u00c9quipe<\/li>\n<li><a href=\"https:\/\/news.google.com\/rss\/articles\/CBMi4AFBVV95cUxPX09mSDFQZWlkZktQTWlVQkMxckZxcDdaMm9sVlI2aS1nc2tEckJrWDBRNHE1bTNnY3RIZllrRFNVc1NDQ0ppLU9iNFZ1ai1wZzNmeWtuQjJaWjhRQmJBNDdtMXljY093b3p5b3FhZ2RYN1AyWnNLOVY5U0QxdlFHcDRlY1EwLXFpM01seHFyWGRNbzN1c0xSNnZIWXl5M1dJWFhuQ20xYVh1QlE5OGpSOEx4Y0dZcTNseUctX1k4amttcUNBSjFYODFLTU5HeXlWZXNqZm5GZFRCS3dxVENKWQ?oc=5\" target=\"_blank\" rel=\"nofollow noopener\">MotoGP, Marc Marquez en patron, Bezzecchi en challenger, et KTM en embuscade : le verdict tranch\u00e9 de Carlo Pernat apr\u00e8s Brno<\/a>&nbsp;&nbsp;Paddock GP<\/li>\n<\/ol>\n","protected":false},"excerpt":{"rendered":"MotoGP : \u00e0 quelle heure et sur quelle cha\u00eene TV suivre la course sprint en R\u00e9publique tch\u00e8que ?&nbsp;&nbsp;Le&hellip;\n","protected":false},"author":2,"featured_media":1445,"comment_status":"","ping_status":"","sticky":false,"template":"","format":"standard","meta":{"footnotes":""},"categories":[1413],"tags":[1011,27,1457,1456,60],"class_list":{"0":"post-292516","1":"post","2":"type-post","3":"status-publish","4":"format-standard","5":"has-post-thumbnail","7":"category-moto","8":"tag-fr","9":"tag-france","10":"tag-moto","11":"tag-motocycle","12":"tag-sports"},"share_on_mastodon":{"url":"https:\/\/pubeurope.com\/@fr\/114962092824864197","error":""},"_links":{"self":[{"href":"https:\/\/www.europesays.com\/fr\/wp-json\/wp\/v2\/posts\/292516","targetHints":{"allow":["GET"]}}],"collection":[{"href":"https:\/\/www.europesays.com\/fr\/wp-json\/wp\/v2\/posts"}],"about":[{"href":"https:\/\/www.europesays.com\/fr\/wp-json\/wp\/v2\/types\/post"}],"author":[{"embeddable":true,"href":"https:\/\/www.europesays.com\/fr\/wp-json\/wp\/v2\/users\/2"}],"replies":[{"embeddable":true,"href":"https:\/\/www.europesays.com\/fr\/wp-json\/wp\/v2\/comments?post=292516"}],"version-history":[{"count":0,"href":"https:\/\/www.europesays.com\/fr\/wp-json\/wp\/v2\/posts\/292516\/revisions"}],"wp:featuredmedia":[{"embeddable":true,"href":"https:\/\/www.europesays.com\/fr\/wp-json\/wp\/v2\/media\/1445"}],"wp:attachment":[{"href":"https:\/\/www.europesays.com\/fr\/wp-json\/wp\/v2\/media?parent=292516"}],"wp:term":[{"taxonomy":"category","embeddable":true,"href":"https:\/\/www.europesays.com\/fr\/wp-json\/wp\/v2\/categories?post=292516"},{"taxonomy":"post_tag","embeddable":true,"href":"https:\/\/www.europesays.com\/fr\/wp-json\/wp\/v2\/tags?post=292516"}],"curies":[{"name":"wp","href":"https:\/\/api.w.org\/{rel}","templated":true}]}}