{"id":292517,"date":"2025-08-03T00:51:14","date_gmt":"2025-08-03T00:51:14","guid":{"rendered":"https:\/\/www.europesays.com\/fr\/292517\/"},"modified":"2025-08-03T00:51:14","modified_gmt":"2025-08-03T00:51:14","slug":"cest-dommage-on-aurait-pu-viser-la-7e-place-isack-hadjar-decu-par-sa-10e-position-sur-la-grille-de-depart-en-hongrie-lequipe","status":"publish","type":"post","link":"https:\/\/www.europesays.com\/fr\/292517\/","title":{"rendered":"\u00ab C&#039;est dommage, on aurait pu viser la 7e place \u00bb : Isack Hadjar d\u00e9\u00e7u par sa 10e position sur la grille de d\u00e9part en Hongrie &#8211; L&#039;\u00c9quipe"},"content":{"rendered":"<ol>\n<li><a href=\"https:\/\/news.google.com\/rss\/articles\/CBMi_wFBVV95cUxOSEZEMDlGN0xoUVJWczFzMVdhcWVNQjJkMTFDUWhvcjdITnVsaW1IMTE2YUw2Q0VoRTNYcUU0MVpGVmVCMzhkLW9PX1ZMd283WXM0Q1hra3M1dGlkN0ptSEFYMzJjOGtYcjhYN05zR21WQ3RGZHZabzIyZERuVE5NNTRkYkJaRmJJVDdtZTUweVFiMWVXZFBaelZIYm81d0prYjBCNEgwZVRYV1l6VkFBM25QOFU3RU1FMUZDenZsSkVkVDhXNmF1Wjk3M3YwSWJCaWwzV0MzenV6Y3h5c0FvSl9qSV9hOHFOSWlZNlZQeHQ0bi1HbnZYU0tZeHZKaWc?oc=5\" target=\"_blank\" rel=\"nofollow noopener\">\u00ab C&rsquo;est dommage, on aurait pu viser la 7e place \u00bb : Isack Hadjar d\u00e9\u00e7u par sa 10e position sur la grille de d\u00e9part en Hongrie<\/a>&nbsp;&nbsp;L&rsquo;\u00c9quipe<\/li>\n<li><a href=\"https:\/\/news.google.com\/rss\/articles\/CBMisAJBVV95cUxOb0h3dk9VODhKZEhOYzFVQVhtV05lYmpaUFVLRmxldWRNWkh3dGo1N253NHB2dl94cEdVYlpPbWV6UHdwMjdxTEVTSy11ME9nYnlLcGZIWC1ia190M1pMOFVPVmJPdVR0cUJmZGNzVEdWTHNvR19YQVd2RWNZT0UzdzVEMDN5V3QyVnBEd0RWWkdzZUxodk4wQW9ObVpfNS1aSjBPNTdhUEVXZU52Rl9DRWk0MHBQMW5xcGQtQmk1dVRYR0JodGtMT3dCVmJVblpOUGM5RHpYaFFnbGdBT0ZlOTloWGQ4WVRITWE2YnotVkVxeFdvSUhNRlZaTzZRQklxaV9lUHl0OVZMSm1fdlFzbnRaVEt5cnlzMHdsVjVvZmJOUF8xVzdqZHBnMXg2SXQ4?oc=5\" target=\"_blank\" rel=\"nofollow noopener\">\u00ab\u00a0Jusqu&rsquo;ici, vous avez vu un pilote cool\u00a0\u00bb : Hadjar, dr\u00f4le de com&rsquo;<\/a>&nbsp;&nbsp;Eurosport<\/li>\n<li><a href=\"https:\/\/news.google.com\/rss\/articles\/CBMiuwFBVV95cUxNOUFRZkpMNHg2eHVuMHFzSzJSYXowVWd1QjBjamsydWQ3VkZSZDBZUE8xd2FEblJEcURwbVo2S0puSHBrWTc4V2szMVFBT0xUQVN5dGhONDNzMjhiRzBZT0dxTjNRNjBYR0J3THI4ZXFjUW5QM3NPVHhGcVVtWFpWZ2I0YTJ2WjFBQmFFTFlrQnFtWEM1RTJEMllWcENzNTI0TUZkY1o5SlZETlg5Q1Q3ek9jWnJOc01EOHpZ?oc=5\" target=\"_blank\" rel=\"nofollow noopener\">Isack Hadjar regrette une petite erreur dans sa strat\u00e9gie en qualifications<\/a>&nbsp;&nbsp;AutoHebdo<\/li>\n<li><a href=\"https:\/\/news.google.com\/rss\/articles\/CBMiwwFBVV95cUxOYmo5dnJiRGpUdmVmdUxhOG5Ob0N6RHZ4NklsRzNPWnRxVEFMeDEyRTBNN1paeWpJcy1ZbTlXNUkxOUR1M0tUR2E2Y19WV2VydS1oOW45M1ZlV2JCMjQ0cTY4NmdLMktlWlZic2JZM21YZTlUNEVza01DOHBuNkluUXhsdVk0VU1VRnVrVXoxTDlXb0RxcTRFS3lkbGhRdVJSdXI0TnRrVEdxS29tVG9JZ1EwZ1NmZHpsSnRMX0R5NnVYcmM?oc=5\" target=\"_blank\" rel=\"nofollow noopener\">Isack Hadjar brille d\u00e8s les premiers tours en Hongrie, Racing Bulls dans le match<\/a>&nbsp;&nbsp;f1i.autojournal.fr<\/li>\n<li><a href=\"https:\/\/news.google.com\/rss\/articles\/CBMikgFBVV95cUxQbTkwZy1WSDNpWDNvQ0loQ1pVZktmOVZ0OFl4ZkU1eEUtVFZ6c0trRDZYamJrUEZtQ3VCbGd4Y2Nna1dKRS1VUXRwQm9ySmxjS0xrc2ozaEhpaVVHeG5ZNDBZUDcwUGczLURlRHdCYk1vUDdSbGF4aDZ3U25sMGs5Unhza0MwLVhkN2oyem1jQUxQUQ?oc=5\" target=\"_blank\" rel=\"nofollow noopener\">Hadjar face \u00e0 une le\u00e7on inattendue en F1 : \u00ab\u00a0Je dois apprendre \u00e0 me r\u00e9jouir\u00a0\u00bb<\/a>&nbsp;&nbsp;Motorsport.com<\/li>\n<\/ol>\n","protected":false},"excerpt":{"rendered":"\u00ab C&rsquo;est dommage, on aurait pu viser la 7e place \u00bb : Isack Hadjar d\u00e9\u00e7u par sa 10e&hellip;\n","protected":false},"author":2,"featured_media":1445,"comment_status":"","ping_status":"","sticky":false,"template":"","format":"standard","meta":{"footnotes":""},"categories":[1412],"tags":[1451,1452,1453,1454,1455,1011,27,60],"class_list":{"0":"post-292517","1":"post","2":"type-post","3":"status-publish","4":"format-standard","5":"has-post-thumbnail","7":"category-f1","8":"tag-f1","9":"tag-formula-1","10":"tag-formula1","11":"tag-formule-1","12":"tag-formule1","13":"tag-fr","14":"tag-france","15":"tag-sports"},"share_on_mastodon":{"url":"https:\/\/pubeurope.com\/@fr\/114962096725663323","error":""},"_links":{"self":[{"href":"https:\/\/www.europesays.com\/fr\/wp-json\/wp\/v2\/posts\/292517","targetHints":{"allow":["GET"]}}],"collection":[{"href":"https:\/\/www.europesays.com\/fr\/wp-json\/wp\/v2\/posts"}],"about":[{"href":"https:\/\/www.europesays.com\/fr\/wp-json\/wp\/v2\/types\/post"}],"author":[{"embeddable":true,"href":"https:\/\/www.europesays.com\/fr\/wp-json\/wp\/v2\/users\/2"}],"replies":[{"embeddable":true,"href":"https:\/\/www.europesays.com\/fr\/wp-json\/wp\/v2\/comments?post=292517"}],"version-history":[{"count":0,"href":"https:\/\/www.europesays.com\/fr\/wp-json\/wp\/v2\/posts\/292517\/revisions"}],"wp:featuredmedia":[{"embeddable":true,"href":"https:\/\/www.europesays.com\/fr\/wp-json\/wp\/v2\/media\/1445"}],"wp:attachment":[{"href":"https:\/\/www.europesays.com\/fr\/wp-json\/wp\/v2\/media?parent=292517"}],"wp:term":[{"taxonomy":"category","embeddable":true,"href":"https:\/\/www.europesays.com\/fr\/wp-json\/wp\/v2\/categories?post=292517"},{"taxonomy":"post_tag","embeddable":true,"href":"https:\/\/www.europesays.com\/fr\/wp-json\/wp\/v2\/tags?post=292517"}],"curies":[{"name":"wp","href":"https:\/\/api.w.org\/{rel}","templated":true}]}}