{"id":292526,"date":"2025-08-03T00:56:10","date_gmt":"2025-08-03T00:56:10","guid":{"rendered":"https:\/\/www.europesays.com\/fr\/292526\/"},"modified":"2025-08-03T00:56:10","modified_gmt":"2025-08-03T00:56:10","slug":"soutenu-par-amelie-notohmb-cet-avocat-combritois-vient-de-sortir-son-troisieme-ouvrage-le-secret-daugustine","status":"publish","type":"post","link":"https:\/\/www.europesays.com\/fr\/292526\/","title":{"rendered":"Soutenu par Am\u00e9lie Notohmb, cet avocat combritois vient de sortir son troisi\u00e8me ouvrage \u00ab\u00a0Le secret d\u2019Augustine\u00a0\u00bb"},"content":{"rendered":"<p>Au sein de ce livre, d\u00e9coup\u00e9 en quatre parties, l\u2019avocat au bureau de Quimper nous plonge dans une histoire \u00e0 suspense. On suit les p\u00e9rip\u00e9ties d\u2019Augustine, la femme d\u2019Isidore Ducasse, d\u2019Argan, son fils, qui va se retrouver au bagne en Guyane, et de Louise, domestique orpheline qui devient journaliste. Les trois premi\u00e8res parties d\u00e9butent toutes le m\u00eame jour, le 11 janvier 1901, ce qui permet de suivre la vie des protagonistes au m\u00eame moment. Avant que la derni\u00e8re ne serve d\u2019\u00e9pilogue.<\/p>\n<p>\u00ab\u00a0Un pamphlet contre le bagne\u00a0\u00bb<\/p>\n<p>M\u00eame si l\u2019histoire est une fiction, quelques \u00e9l\u00e9ments r\u00e9els se cachent dans l\u2019\u0153uvre. \u00ab\u00a0J\u2019aime me renseigner sur certains faits. Par exemple, Louise travaille dans un journal appel\u00e9 \u00ab\u00a0La Fronde\u00a0\u00bb, qui a vraiment exist\u00e9. J\u2019\u00e9voque \u00e9galement le nom de la premi\u00e8re avocate \u00e0 avoir plaid\u00e9 en France, Jeanne Chauvin.\u00a0\u00bb Ces deux points ont eu un but bien pr\u00e9cis pour l\u2019auteur, celui d\u2019\u00e9voquer \u00ab\u00a0l\u2019\u00e9mancipation des femmes\u00a0\u00bb. Outre ce point, Jean-Christophe Cadilhac a souhait\u00e9 faire passer d\u2019autres messages\u00a0: \u00ab\u00a0C\u2019est \u00e9galement un pamphlet contre le bagne qui ne r\u00e9glait rien, qui \u00e9tait un leurre.\u00a0\u00bb<\/p>\n<p>Le retour positif d\u2019Am\u00e9lie Nothomb<\/p>\n<p>Si Jean-Christophe Cadilhac n\u2019a \u00e9crit que trois romans en 58 ans, il est d\u00e9sormais sur un rythme r\u00e9gulier d\u2019un ouvrage tous les deux ans, en plus de son m\u00e9tier d\u2019avocat. \u00ab\u00a0J\u2019\u00e9cris principalement entre 21\u00a0h et minuit, de janvier \u00e0 juin, l\u2019ann\u00e9e pr\u00e9c\u00e9dant la sortie de mon livre\u00a0\u00bb, relate celui qui s\u2019est install\u00e9 en Bretagne en 1994 et qui a toujours aim\u00e9 \u00e9crire depuis sa plus jeune enfance.<\/p>\n<p>Il entend toujours progresser dans son style d\u2019\u00e9criture. Dans cette optique, Jean-Christophe Cadilhac a donc d\u00e9cid\u00e9 d\u2019envoyer le manuscrit de son dernier livre \u00e0 Am\u00e9lie Nothomb. Quelques semaines plus tard, l\u2019autrice lui a r\u00e9pondu d\u2019un courrier manuscrit le poussant \u00e0 venir la rencontrer lors d\u2019une s\u00e9ance de d\u00e9dicaces, \u00e0 Brest, en septembre 2024. De quoi donner l\u2019envie de r\u00e9aliser un quatri\u00e8me ouvrage \u00e0 Jean-Christophe Cadilhac\u2026<\/p>\n<p>Pratique<\/p>\n<p class=\"note\">\u00ab\u00a0Le secret d\u2019Augustine\u00a0\u00bb est en vente \u00e0 la librairie Ravy, \u00e0 Quimper, ou sur le site <a href=\"https:\/\/www.librinova.com\/librairie\/jean-christophe-cadilhac\/le-secret-daugustine\" target=\"_blank\" rel=\"noopener\">www.librinova.com<\/a><\/p>\n","protected":false},"excerpt":{"rendered":"Au sein de ce livre, d\u00e9coup\u00e9 en quatre parties, l\u2019avocat au bureau de Quimper nous plonge dans une&hellip;\n","protected":false},"author":2,"featured_media":292527,"comment_status":"","ping_status":"","sticky":false,"template":"","format":"standard","meta":{"footnotes":""},"categories":[1357],"tags":[1379,25991,251,58,59,1011,27,1351,1380,3323,3319],"class_list":{"0":"post-292526","1":"post","2":"type-post","3":"status-publish","4":"format-standard","5":"has-post-thumbnail","7":"category-livres","8":"tag-books","9":"tag-combrit","10":"tag-culture","11":"tag-divertissement","12":"tag-entertainment","13":"tag-fr","14":"tag-france","15":"tag-litterature","16":"tag-livres","17":"tag-pont-labbe","18":"tag-quimper"},"share_on_mastodon":{"url":"https:\/\/pubeurope.com\/@fr\/114962116465586503","error":""},"_links":{"self":[{"href":"https:\/\/www.europesays.com\/fr\/wp-json\/wp\/v2\/posts\/292526","targetHints":{"allow":["GET"]}}],"collection":[{"href":"https:\/\/www.europesays.com\/fr\/wp-json\/wp\/v2\/posts"}],"about":[{"href":"https:\/\/www.europesays.com\/fr\/wp-json\/wp\/v2\/types\/post"}],"author":[{"embeddable":true,"href":"https:\/\/www.europesays.com\/fr\/wp-json\/wp\/v2\/users\/2"}],"replies":[{"embeddable":true,"href":"https:\/\/www.europesays.com\/fr\/wp-json\/wp\/v2\/comments?post=292526"}],"version-history":[{"count":0,"href":"https:\/\/www.europesays.com\/fr\/wp-json\/wp\/v2\/posts\/292526\/revisions"}],"wp:featuredmedia":[{"embeddable":true,"href":"https:\/\/www.europesays.com\/fr\/wp-json\/wp\/v2\/media\/292527"}],"wp:attachment":[{"href":"https:\/\/www.europesays.com\/fr\/wp-json\/wp\/v2\/media?parent=292526"}],"wp:term":[{"taxonomy":"category","embeddable":true,"href":"https:\/\/www.europesays.com\/fr\/wp-json\/wp\/v2\/categories?post=292526"},{"taxonomy":"post_tag","embeddable":true,"href":"https:\/\/www.europesays.com\/fr\/wp-json\/wp\/v2\/tags?post=292526"}],"curies":[{"name":"wp","href":"https:\/\/api.w.org\/{rel}","templated":true}]}}