{"id":292528,"date":"2025-08-03T00:57:14","date_gmt":"2025-08-03T00:57:14","guid":{"rendered":"https:\/\/www.europesays.com\/fr\/292528\/"},"modified":"2025-08-03T00:57:14","modified_gmt":"2025-08-03T00:57:14","slug":"quelles-familles-saffrontent-dans-lemission-evenement-de-ce-soir","status":"publish","type":"post","link":"https:\/\/www.europesays.com\/fr\/292528\/","title":{"rendered":"quelles familles s&rsquo;affrontent dans l&rsquo;\u00e9mission \u00e9v\u00e9nement de ce soir ?"},"content":{"rendered":"<p>Une famille en or, \u00e0 21h10, sur TF1<\/p>\n<p>C\u2019est un num\u00e9ro \u00e9v\u00e9nement d\u2019<a href=\"https:\/\/www.diverto.tv\/actualites\/tele\/une-famille-en-or-quels-stars-et-commentateurs-du-foot-saffrontent-ce-soir\" rel=\"nofollow noopener\" target=\"_blank\">Une famille en or<\/a> que pr\u00e9sente ce soir Camille Combal. Quatre familles sont mobilis\u00e9es et deux matchs seront propos\u00e9s avant la finale. Le premier a pour intitul\u00e9 \u00ab\u00a0Le Splendid contre les Tuche\u00a0\u00bb. L\u2019\u00e9quipe du Splendid est men\u00e9e par Thierry Lhermitte. L&rsquo;acteur est accompagn\u00e9 par Marie-Anne Chazel, Pascal Demolon et Constance Labb\u00e9. L\u2019\u00e9quipe des <a href=\"https:\/\/www.diverto.tv\/actualites\/cinema\/les-tuche-5-cette-scene-que-jean-paul-rouve-a-refaite-bien-apres-le-tournage\" rel=\"nofollow noopener\" target=\"_blank\">Tuche<\/a> est, elle, conduite par Isabelle Nanty, formidable Cathy Tuche, qui est entour\u00e9e de Christophe Willem, Th\u00e9o Fernandez et Claire Nadeau. L\u2019affiche du second match : \u00ab\u00a0Les stars du web contre les stars de la sc\u00e8ne\u00a0\u00bb. La premi\u00e8re \u00e9quipe est compos\u00e9e de la famille Capone, star du r\u00e9seau social TikTok, avec Nico, Daniela, Stefano et Franca. La seconde est port\u00e9e par Jarry, qui est \u00e9paul\u00e9 par Marianne James, Pablo Caillault, et Antoine Rabault. Dans ce num\u00e9ro, 100 000 \u20ac seront \u00e0 gagner pour les associations La Fondation pour la recherche m\u00e9dicale et Les Restos du c\u0153ur. \u00c0 ne surtout pas rater ! <strong>\u00c0 voir d\u00e8s 21h10, sur TF1. Dur\u00e9e : 2 h 30.\u00a0<\/strong><\/p>\n","protected":false},"excerpt":{"rendered":"Une famille en or, \u00e0 21h10, sur TF1 C\u2019est un num\u00e9ro \u00e9v\u00e9nement d\u2019Une famille en or que pr\u00e9sente&hellip;\n","protected":false},"author":2,"featured_media":292529,"comment_status":"","ping_status":"","sticky":false,"template":"","format":"standard","meta":{"footnotes":""},"categories":[1356],"tags":[58,59,1011,27,252,1364],"class_list":{"0":"post-292528","1":"post","2":"type-post","3":"status-publish","4":"format-standard","5":"has-post-thumbnail","7":"category-television","8":"tag-divertissement","9":"tag-entertainment","10":"tag-fr","11":"tag-france","12":"tag-television","13":"tag-tv"},"share_on_mastodon":{"url":"https:\/\/pubeurope.com\/@fr\/114962120429950751","error":""},"_links":{"self":[{"href":"https:\/\/www.europesays.com\/fr\/wp-json\/wp\/v2\/posts\/292528","targetHints":{"allow":["GET"]}}],"collection":[{"href":"https:\/\/www.europesays.com\/fr\/wp-json\/wp\/v2\/posts"}],"about":[{"href":"https:\/\/www.europesays.com\/fr\/wp-json\/wp\/v2\/types\/post"}],"author":[{"embeddable":true,"href":"https:\/\/www.europesays.com\/fr\/wp-json\/wp\/v2\/users\/2"}],"replies":[{"embeddable":true,"href":"https:\/\/www.europesays.com\/fr\/wp-json\/wp\/v2\/comments?post=292528"}],"version-history":[{"count":0,"href":"https:\/\/www.europesays.com\/fr\/wp-json\/wp\/v2\/posts\/292528\/revisions"}],"wp:featuredmedia":[{"embeddable":true,"href":"https:\/\/www.europesays.com\/fr\/wp-json\/wp\/v2\/media\/292529"}],"wp:attachment":[{"href":"https:\/\/www.europesays.com\/fr\/wp-json\/wp\/v2\/media?parent=292528"}],"wp:term":[{"taxonomy":"category","embeddable":true,"href":"https:\/\/www.europesays.com\/fr\/wp-json\/wp\/v2\/categories?post=292528"},{"taxonomy":"post_tag","embeddable":true,"href":"https:\/\/www.europesays.com\/fr\/wp-json\/wp\/v2\/tags?post=292528"}],"curies":[{"name":"wp","href":"https:\/\/api.w.org\/{rel}","templated":true}]}}