{"id":292534,"date":"2025-08-03T01:00:20","date_gmt":"2025-08-03T01:00:20","guid":{"rendered":"https:\/\/www.europesays.com\/fr\/292534\/"},"modified":"2025-08-03T01:00:20","modified_gmt":"2025-08-03T01:00:20","slug":"apres-deux-cancers-lydie-est-devenue-experte-en-cette-maladie-qui-a-change-sa-vie-a-caen","status":"publish","type":"post","link":"https:\/\/www.europesays.com\/fr\/292534\/","title":{"rendered":"Apr\u00e8s deux cancers, Lydie est devenue experte en cette maladie qui a chang\u00e9 sa vie \u00e0 Caen"},"content":{"rendered":"<p>            Par<br \/>\n        <strong><br \/>\n            <a href=\"https:\/\/actu.fr\/auteur\/margaux-rousset\" title=\"Consulter tous les articles de Margaux Rousset\" target=\"_blank\" rel=\"noopener\">Margaux Rousset<\/a><br \/>\n        <\/strong><\/p>\n<p>        Publi\u00e9 le<\/p>\n<p>            1 ao\u00fbt 2025 \u00e0 17h57        <\/p>\n<p>Apr\u00e8s <b>avoir vaincu deux cancers<\/b> en quatre ans, Lydie Coch\u00e9 aurait pu reprendre le cours de sa vie et ne plus entendre parler de cette maladie. Pourtant, <b>elle en a fait son quotidien<\/b>. Elle raconte son combat, <b>son exp\u00e9rience en tant que patiente<\/b> avec passion et avec<b> beaucoup d\u2019humour<\/b> lors de <b>conf\u00e9rences<\/b>.<\/p>\n<p>\u00ab Je refuse le cancer, je n\u2019en veux pas \u00bb<\/p>\n<p class=\" wall-content\">Pourquoi elle ? Parce que Lydie est une \u00ab<b> patiente partenaire<\/b> \u00bb en canc\u00e9rologie <b>dipl\u00f4m\u00e9e de la Sorbonne<\/b>. Une belle revanche sur la vie pour celle qui n\u2019a jamais aim\u00e9 les \u00e9tudes. \u00ab C\u2019est un dipl\u00f4me universitaire que j\u2019ai pass\u00e9 lorsque j\u2019\u00e9tais en r\u00e9mission et il n\u2019y a que 22 places, explique-t-elle. Il se fait en 10\u00a0mois avec un m\u00e9moire et une soutenance \u00e0 la fin. \u00bb<\/p>\n<p class=\" wall-content\">Son m\u00e9moire, cette Normande de 52\u00a0ans l\u2019a fait sur \u00ab le parcours identitaire apr\u00e8s le passage de Mathilde. \u00bb Mathilde, comme <b>le surnom qu\u2019elle a donn\u00e9 \u00e0 ses cancers<\/b>. \u00ab Quand on m\u2019annonce la maladie, c\u2019est un v\u00e9ritable tsunami. Je refuse le cancer, je n\u2019en veux pas \u00bb, explique-t-elle. Et puis, elle a d\u00e9cid\u00e9 de se battre avec \u00e0 ses c\u00f4t\u00e9s sa famille et les professionnels du <a href=\"https:\/\/actu.fr\/tag\/centre-francois-baclesse\" target=\"_blank\" rel=\"noopener\">centre Fran\u00e7ois Baclesse<\/a>. \u00ab J\u2019ai v\u00e9cu \u00e9norm\u00e9ment d\u2019humanit\u00e9 \u00e0 Baclesse \u00bb, confie-t-elle.<\/p>\n<p>Dire que tout va bien se passer<\/p>\n<p class=\" wall-content\">Pourtant il y a <b>une chose qui lui a manqu\u00e9 dans son parcours de soins<\/b> : avoir une patiente partenaire qui lui tende la main pour <b>lui dire qu\u2019elle ne va pas mourir<\/b> et que tout allait bien se passer. C\u2019est un des r\u00f4les du patient partenaire, peut-\u00eatre <b>l\u2019un des plus importants<\/b>. \u00ab Quand on arrive \u00e0 l\u2019h\u00f4pital pour sa premi\u00e8re chimio, on a peur et on est seul malgr\u00e9 nos aidants \u00bb, confie-t-elle. Lydie intervient notamment \u00e0 la Polyclinique du Parc \u00e0 Caen, en h\u00f4pital de jour o\u00f9 elle rencontre certains patients lors de leur premi\u00e8re chimioth\u00e9rapie. \u00ab Je discute avec eux. Je leur demande comment ils vont aujourd\u2019hui. On peut parler de tout avec la patiente partenaire, on est un miroir et on dit toujours la v\u00e9rit\u00e9. \u00bb<\/p>\n<blockquote class=\"ac-article-quote wall-content\">\n<p>Avoir un cancer, c\u2019est comme monter dans un train avec diff\u00e9rents wagons. Tant que le patient n\u2019est pas mont\u00e9 dans le premier wagon, je reste avec lui. Puis je le retrouve \u00e0 la sortie pour qu\u2019il ne rate pas la marche vers sa nouvelle vie.<\/p>\n<p>Lydie Coch\u00e9<\/p><\/blockquote>\n<p>De l\u2019exp\u00e9rience \u00e0 l\u2019expertise<\/p>\n<p class=\" wall-content\">En plus d\u2019\u00eatre <b>un lien entre les professionnels de sant\u00e9 et les patients<\/b>, Lydie a pu transformer son exp\u00e9rience de patiente <b>en expertise<\/b> gr\u00e2ce \u00e0 sa formation \u00e0 la Sorbonne. \u00ab J\u2019ai appris \u00e9norm\u00e9ment de choses sur tous les cancers, les parcours de soins. Il y a aussi un aspect psychologique auquel je suis form\u00e9e. Je sais ce qu\u2019il faut dire et ne pas dire et comment le dire. Je suis experte en r\u00e9tablissement en canc\u00e9rologie. \u00bb<\/p>\n<p class=\" wall-content\">Avec son dipl\u00f4me universitaire, Lydie donne depuis trois ans <b>des conf\u00e9rences \u00e0 la facult\u00e9 de m\u00e9decine de Paris<\/b> aupr\u00e8s des futurs m\u00e9decins et pharmaciens. Elle a int\u00e9gr\u00e9 le comit\u00e9 strat\u00e9gique du groupe hospitalier priv\u00e9 Vivalto France et est contact\u00e9e pour former des kin\u00e9s ou pr\u00e9parateurs en pharmacie via le Cifac. \u00ab La pr\u00e9vention de sant\u00e9 au travail m\u2019a appel\u00e9e pour signer une convention pour prendre en charge les salari\u00e9s qui veulent reprendre le travail apr\u00e8s un cancer. Je re\u00e7ois les personnes pendant une ou deux heures puis je rends un rapport. \u00bb Lydie insiste bien sur un point : <b>il y a un manque de suivi entre la r\u00e9mission et la reprise du travail<\/b>. \u00ab Moi je vois que j\u2019ai chang\u00e9. J\u2019ai voulu reprendre mon travail trop vite apr\u00e8s mes cancers, j\u2019ai fait une d\u00e9pression. Il faut une v\u00e9ritable pr\u00e9paration. \u00bb<\/p>\n<p class=\" wall-content\">En \u00e9coutant Lydie Coch\u00e9e raconter son exp\u00e9rience de vie, c\u2019est<b> l\u2019espoir qui pr\u00e9domine<\/b>. \u00ab Regardez ce que je suis devenue apr\u00e8s deux cancers. Ma vie a \u00e9t\u00e9 un peu d\u00e9truite mais j\u2019ai su rebondir. \u00bb<\/p>\n<p class=\" wall-content\">Suivez toute l\u2019actualit\u00e9 de vos villes et m\u00e9dias favoris en vous inscrivant \u00e0 <a href=\"https:\/\/moncompte.actu.fr\" title=\"D\u00e9couvez Mon Actu\" rel=\"nofollow noopener\" data-trk=\"{&quot;cta&quot;:{&quot;action&quot;:&quot;https:\\\/\\\/moncompte.actu.fr&quot;,&quot;category&quot;:&quot;mon compte&quot;,&quot;from&quot;:&quot;article footer&quot;,&quot;name&quot;:&quot;Mon actu&quot;,&quot;type&quot;:&quot;cta&quot;}}\" target=\"_blank\">Mon Actu<\/a>.<\/p>\n","protected":false},"excerpt":{"rendered":"Par Margaux Rousset Publi\u00e9 le 1 ao\u00fbt 2025 \u00e0 17h57 Apr\u00e8s avoir vaincu deux cancers en quatre ans,&hellip;\n","protected":false},"author":2,"featured_media":292535,"comment_status":"","ping_status":"","sticky":false,"template":"","format":"standard","meta":{"footnotes":""},"categories":[10],"tags":[5492,101,43257,1011,27,72,71,104],"class_list":{"0":"post-292534","1":"post","2":"type-post","3":"status-publish","4":"format-standard","5":"has-post-thumbnail","7":"category-sante","8":"tag-caen","9":"tag-cancer","10":"tag-centre-francois-baclesse","11":"tag-fr","12":"tag-france","13":"tag-health","14":"tag-sante","15":"tag-societe"},"share_on_mastodon":{"url":"https:\/\/pubeurope.com\/@fr\/114962132234355716","error":""},"_links":{"self":[{"href":"https:\/\/www.europesays.com\/fr\/wp-json\/wp\/v2\/posts\/292534","targetHints":{"allow":["GET"]}}],"collection":[{"href":"https:\/\/www.europesays.com\/fr\/wp-json\/wp\/v2\/posts"}],"about":[{"href":"https:\/\/www.europesays.com\/fr\/wp-json\/wp\/v2\/types\/post"}],"author":[{"embeddable":true,"href":"https:\/\/www.europesays.com\/fr\/wp-json\/wp\/v2\/users\/2"}],"replies":[{"embeddable":true,"href":"https:\/\/www.europesays.com\/fr\/wp-json\/wp\/v2\/comments?post=292534"}],"version-history":[{"count":0,"href":"https:\/\/www.europesays.com\/fr\/wp-json\/wp\/v2\/posts\/292534\/revisions"}],"wp:featuredmedia":[{"embeddable":true,"href":"https:\/\/www.europesays.com\/fr\/wp-json\/wp\/v2\/media\/292535"}],"wp:attachment":[{"href":"https:\/\/www.europesays.com\/fr\/wp-json\/wp\/v2\/media?parent=292534"}],"wp:term":[{"taxonomy":"category","embeddable":true,"href":"https:\/\/www.europesays.com\/fr\/wp-json\/wp\/v2\/categories?post=292534"},{"taxonomy":"post_tag","embeddable":true,"href":"https:\/\/www.europesays.com\/fr\/wp-json\/wp\/v2\/tags?post=292534"}],"curies":[{"name":"wp","href":"https:\/\/api.w.org\/{rel}","templated":true}]}}