{"id":292540,"date":"2025-08-03T01:03:10","date_gmt":"2025-08-03T01:03:10","guid":{"rendered":"https:\/\/www.europesays.com\/fr\/292540\/"},"modified":"2025-08-03T01:03:10","modified_gmt":"2025-08-03T01:03:10","slug":"pourquoi-le-wi-fi-8-ne-sera-pas-plus-rapide-mais-quand-meme-meilleur-que-le-wi-fi-7","status":"publish","type":"post","link":"https:\/\/www.europesays.com\/fr\/292540\/","title":{"rendered":"Pourquoi le Wi-Fi 8 ne sera pas plus rapide mais quand m\u00eame meilleur que le Wi-Fi 7 ?"},"content":{"rendered":"<p class=\"ed__a-p ed__bdy__l\"><img loading=\"lazy\" decoding=\"async\" src=\"data:image\/svg+xml,%3Csvg xmlns='http:\/\/www.w3.org\/2000\/svg'%3E%3C\/svg%3E\" draggable=\"false\" width=\"5163\" height=\"2904\" class=\"ed__title-xxs\" alt=\"Pourquoi le Wi-Fi 8 ne sera pas plus rapide mais quand m\u00eame meilleur que le Wi-Fi 7 ?\" style=\"background-color: #f2f2f2; aspect-ratio:5163\/2904;\"\/><\/p>\n<p>\u00a9 Shutterstock\/Niphon Subsri<\/p>\n<\/p>\n<p class=\"ed__a-p ed__bdy__l\">Qualcomm a d\u00e9voil\u00e9 le Wi-Fi 8 qui ne promet pas de vitesse de pointe sup\u00e9rieure au Wi-Fi 7. La strat\u00e9gie est de miser sur les performances alors que les environnements sont satur\u00e9s d&rsquo;appareils connect\u00e9s.<\/p>\n<p>            Publicit\u00e9, votre contenu continue ci-dessous<\/p>\n<p>        Publicit\u00e9<\/p>\n<p>Voici ce que va changer le Wi-Fi 8 en 2028<\/p>\n<p class=\"ed__a-p ed__bdy__l\">La fiabilit\u00e9 prime donc sur la vitesse brute, alors que le Wi-Fi 7 misait sur l&rsquo;augmentation de d\u00e9bit et de bande passante. Le Wi-Fi 8 cherche \u00e0 maintenir ces am\u00e9liorations tout en garantissant une meilleure connectivit\u00e9 dans les environnements encombr\u00e9s ou ceux avec des interf\u00e9rences.<\/p>\n<p class=\"ed__a-p ed__bdy__l\">Deux philosophies majeures orientent le Wi-Fi 8. Il y a de plus en plus d&rsquo;appareils comme les lunettes de r\u00e9alit\u00e9 augment\u00e9e ou les montres connect\u00e9es nouvelle g\u00e9n\u00e9ration qui demandent des connexions \u00e0 faible latence. Les technologies aliment\u00e9es par l&rsquo;IA d\u00e9pendent aussi d&rsquo;un acc\u00e8s rapide et fiable en termes de connectivit\u00e9.<\/p>\n<p class=\"ed__a-p ed__bdy__l\">Le Wi-Fi 8 se positionne donc comme une couche fondamentale de connectivit\u00e9 qui aidera des syst\u00e8mes de plus en plus dynamiques et sensibles \u00e0 la latence.<\/p>\n<p class=\"ed__a-p ed__bdy__l\">Le standard de d\u00e9veloppement 802.11bn apporte plusieurs innovations. Les \u00ab\u00a0domaines de mobilit\u00e9 unique\u00a0\u00bb permettent aux appareils de passer d&rsquo;un point d&rsquo;acc\u00e8s \u00e0 l&rsquo;autre sans coupure, ce qui est tr\u00e8s avantageux dans les a\u00e9roports, h\u00f4pitaux et bureaux sur plusieurs \u00e9tages.<\/p>\n<p class=\"ed__a-p ed__bdy__l\">L&rsquo;am\u00e9lioration des performances est un autre progr\u00e8s majeur puisque les configurations actuelles souffrent souvent de chutes et de retards dans les zones limit\u00e9es. Le Wi-Fi 8 ajoute des mises \u00e0 jour de couches physiques pour am\u00e9liorer la coh\u00e9rence sans recourir \u00e0 la force brute du signal.<\/p>\n<p class=\"ed__a-p ed__bdy__l\">Le multipoint d&rsquo;acc\u00e8s est donc un grand avantage pour les lieux tr\u00e8s habit\u00e9s ou les logements urbains denses. Le Wi-Fi 8 est pens\u00e9 comme un r\u00e9seau coordonn\u00e9 qui partage intelligemment le temps d&rsquo;antenne et \u00e9vite les chevauchements.<\/p>\n<p class=\"ed__a-p ed__bdy__l\">Le fait que plusieurs appareils se disputent l&rsquo;espace d&rsquo;antenne a aussi un impact sur l&rsquo;acc\u00e8s \u00e0 l&rsquo;antenne. Le Wi-Fi 8 propose une gestion am\u00e9lior\u00e9e des interf\u00e9rences internes en optimisant l&rsquo;utilisation simultan\u00e9e de plusieurs technologies sans fil.<\/p>\n<p class=\"ed__a-p ed__bdy__l\">La finalisation du Wi-Fi 8 est pr\u00e9vue pour 2028 pour r\u00e9pondre aux nouveaux besoins en termes de connectivit\u00e9. L&rsquo;objectif est clair puisqu&rsquo;il ne s&rsquo;agit plus d&rsquo;atteindre des d\u00e9bits spectaculaires mais de cr\u00e9er une exp\u00e9rience sans fil qui \u00e9gale les performances d&rsquo;une infrastructure filaire en termes de fiabilit\u00e9 et de constance.<\/p>\n<p>            Publicit\u00e9, votre contenu continue ci-dessous<\/p>\n<p>        Publicit\u00e9<\/p>\n<p class=\"ed__a-p ed__bdy__l\">Envie de faire encore plus d&rsquo;\u00e9conomies ? D\u00e9couvrez <a href=\"https:\/\/www.lesnumeriques.com\/codes-promo.html\" rel=\"nofollow noopener\" target=\"_blank\">nos codes promo<\/a> s\u00e9lectionn\u00e9s pour vous.<\/p>\n","protected":false},"excerpt":{"rendered":"\u00a9 Shutterstock\/Niphon Subsri Qualcomm a d\u00e9voil\u00e9 le Wi-Fi 8 qui ne promet pas de vitesse de pointe sup\u00e9rieure&hellip;\n","protected":false},"author":2,"featured_media":292541,"comment_status":"","ping_status":"","sticky":false,"template":"","format":"standard","meta":{"footnotes":""},"categories":[7],"tags":[1011,27,43,40,41,39,42,44],"class_list":{"0":"post-292540","1":"post","2":"type-post","3":"status-publish","4":"format-standard","5":"has-post-thumbnail","7":"category-sciences-et-technologies","8":"tag-fr","9":"tag-france","10":"tag-science","11":"tag-science-and-technology","12":"tag-sciences","13":"tag-sciences-et-technologies","14":"tag-technologies","15":"tag-technology"},"share_on_mastodon":{"url":"https:\/\/pubeurope.com\/@fr\/114962144254822934","error":""},"_links":{"self":[{"href":"https:\/\/www.europesays.com\/fr\/wp-json\/wp\/v2\/posts\/292540","targetHints":{"allow":["GET"]}}],"collection":[{"href":"https:\/\/www.europesays.com\/fr\/wp-json\/wp\/v2\/posts"}],"about":[{"href":"https:\/\/www.europesays.com\/fr\/wp-json\/wp\/v2\/types\/post"}],"author":[{"embeddable":true,"href":"https:\/\/www.europesays.com\/fr\/wp-json\/wp\/v2\/users\/2"}],"replies":[{"embeddable":true,"href":"https:\/\/www.europesays.com\/fr\/wp-json\/wp\/v2\/comments?post=292540"}],"version-history":[{"count":0,"href":"https:\/\/www.europesays.com\/fr\/wp-json\/wp\/v2\/posts\/292540\/revisions"}],"wp:featuredmedia":[{"embeddable":true,"href":"https:\/\/www.europesays.com\/fr\/wp-json\/wp\/v2\/media\/292541"}],"wp:attachment":[{"href":"https:\/\/www.europesays.com\/fr\/wp-json\/wp\/v2\/media?parent=292540"}],"wp:term":[{"taxonomy":"category","embeddable":true,"href":"https:\/\/www.europesays.com\/fr\/wp-json\/wp\/v2\/categories?post=292540"},{"taxonomy":"post_tag","embeddable":true,"href":"https:\/\/www.europesays.com\/fr\/wp-json\/wp\/v2\/tags?post=292540"}],"curies":[{"name":"wp","href":"https:\/\/api.w.org\/{rel}","templated":true}]}}