{"id":292542,"date":"2025-08-03T01:04:12","date_gmt":"2025-08-03T01:04:12","guid":{"rendered":"https:\/\/www.europesays.com\/fr\/292542\/"},"modified":"2025-08-03T01:04:12","modified_gmt":"2025-08-03T01:04:12","slug":"pourquoi-le-beaujolais-va-devenir-lune-des-plus-grandes-regions-viticoles-de-france","status":"publish","type":"post","link":"https:\/\/www.europesays.com\/fr\/292542\/","title":{"rendered":"pourquoi le Beaujolais va devenir l\u2019une des plus grandes r\u00e9gions viticoles de France"},"content":{"rendered":"\n<p>\n    R\u00e9serv\u00e9 aux abonn\u00e9s\n<\/p>\n<p>    Le vignoble de l\u2019appellation Moulin-\u00e0-vent, dans le Beaujolais.<br \/>\n                AdobeStock<\/p>\n<p class=\"fig-standfirst\">Vignoble longtemps moqu\u00e9 pour ses vins nouveaux, dans l\u2019ombre de la Bourgogne et de la vall\u00e9e du Rh\u00f4ne, le Beaujolais semble aujourd\u2019hui sur le point de prendre sa revanche. Jusqu\u2019\u00e0 devenir, selon certains experts, la r\u00e9gion viticole la plus d\u00e9sirable de France.<\/p>\n<p class=\"fig-paragraph\">\u00abPour une g\u00e9n\u00e9ration qui ne pourra jamais s\u2019offrir de grands bourgognes, le Beaujolais est LE nouvel objet de d\u00e9sir\u00bb. C\u2019est en ces termes que\u00a0<a href=\"http:\/\/avis-vin.lefigaro.fr\/economie-du-vin\/nouveau-souffle-de-bordeaux-crise-en-bourgogne-futures-stars-du-vignoble-jon-bonne-l-americain-qui-predit-l-avenir-du-vin-francais-20240629\" target=\"_blank\" data-fig-type=\"Article\" rel=\"noopener\" data-gtm-custom-categorie=\"navigation\" data-gtm-custom-action=\"crossclick\" data-gtm-custom-label=\"Contextuel\" data-gtm-event=\"customEventSPE\" data-fig-domain=\"AVIS_VIN\">Jon Bonn\u00e9, journaliste am\u00e9ricain<\/a>\u00a0et auteur du best-seller The New French Wine, justifie l\u2019engouement sans pr\u00e9c\u00e9dent rencontr\u00e9 par les vins du\u00a0<a href=\"https:\/\/avis-vin.lefigaro.fr\/connaitre-deguster\/tout-savoir-sur-le-vin\/guide-des-regions-et-des-appellations\/beaujolais-et-lyonnais\/beaujolais\/appellation-beaujolais\" target=\"_blank\" rel=\"noopener\" data-gtm-custom-categorie=\"navigation\" data-gtm-custom-action=\"crossclick\" data-gtm-custom-label=\"Contextuel\" data-gtm-event=\"customEventSPE\">Beaujolais<\/a>\u00a0\u00e0 l\u2019international, et notamment aux \u00c9tats-Unis. Apr\u00e8s une longue travers\u00e9e du d\u00e9sert, cette r\u00e9gion \u00e2prement critiqu\u00e9e pour avoir c\u00e9d\u00e9 aux sir\u00e8nes de la viticulture industrielle retrouve enfin des couleurs, en raison d\u2019un subtil agencement de facteurs qui pourraient bien en faire la future star du vignoble hexagonal. Avec quelques atouts de taille sur un march\u00e9 du vin en pleine mutation, \u00e0 commencer par des vins accessibles dans leur prime jeunesse, en rouge comme en blanc, dot\u00e9s d\u2019un potentiel de garde exceptionnel, et \u00e0 des prix\u00a0<a href=\"http:\/\/avis-vin.lefigaro.fr\/terroir-viticulture\/notre-selection-de-beaujolais-blancs-vraiment-exceptionnels-desormais-je-prefere-en-acheter-12-plutot-qu-un-grand-bourgogne-20250504\" target=\"_blank\" data-fig-type=\"Article\" rel=\"noopener\" data-gtm-custom-categorie=\"navigation\" data-gtm-custom-action=\"crossclick\" data-gtm-custom-label=\"Contextuel\" data-gtm-event=\"customEventSPE\" data-fig-domain=\"AVIS_VIN\">historiquement bas en regard de ces deux rivales voisines, la Bourgogne<\/a>\u00a0et la\u00a0<a href=\"https:\/\/avis-vin.lefigaro.fr\/connaitre-deguster\/tout-savoir-sur-le-vin\/guide-des-regions-et-des-appellations\/vallee-du-rhone\" target=\"_blank\" rel=\"noopener\" data-gtm-custom-categorie=\"navigation\" data-gtm-custom-action=\"crossclick\" data-gtm-custom-label=\"Contextuel\" data-gtm-event=\"customEventSPE\">vall\u00e9e du Rh\u00f4ne<\/a>. Deux r\u00e9gions qui commencent \u00e0 perdre de leur superbe aupr\u00e8s des march\u00e9s internationaux\u2026<\/p>\n<p class=\"fig-premium-paywall__infos\">\n        Cet article est r\u00e9serv\u00e9 aux abonn\u00e9s.        Il vous reste 86% \u00e0 d\u00e9couvrir.\n    <\/p>\n<p>                <img  data- alt=\"Le Figaro\" class=\"fig-img--complete fig-img\"\/><\/p>\n<p class=\"fig-premium-paywall__title\">Vous avez envie de lire la suite ?<\/p>\n<p class=\"fig-premium-paywall__subtitle\">D\u00e9bloquez tous les articles imm\u00e9diatement.<\/p>\n<p class=\"fig-premium-paywall__connect\">\n                D\u00e9j\u00e0 abonn\u00e9\u00a0?                <a class=\"fig-premium-paywall__connect-link\" href=\"https:\/\/connect.lefigaro.fr\/login?client=vin_web&amp;type=main&amp;redirect_uri=https%3A%2F%2Favis-vin.lefigaro.fr%2Fterroir-viticulture%2Fa-l-export-ils-en-veulent-toujours-plus-pourquoi-le-beaujolais-va-devenir-l-une-des-plus-grandes-regions-viticoles-de-france-20250802\" data-js-gtm=\"{&quot;customCategorie&quot;: &quot;conversion&quot;, &quot;customAction&quot;: &quot;before_Landing_Connexion_paywall_auto&quot;, &quot;customLabel&quot;: &quot;YXZpcy12aW4ubGVmaWdhcm8uZnJfXzFmMDZkZTllLTk1M2QtNjY3MC1iZDMwLWM1YjFiMWE5NTdhM19fQXJ0aWNsZQ==_\u00ab\u00c0 l\u2019export, ils en veulent toujours plus\u00a0!\u00bb\u00a0: pourquoi le Beaujolais va devenir l\u2019une des plus grandes r\u00e9gions viticoles de France_1000&quot;, &quot;customIDSPE&quot;: &quot;YXZpcy12aW4ubGVmaWdhcm8uZnJfXzFmMDZkZTllLTk1M2QtNjY3MC1iZDMwLWM1YjFiMWE5NTdhM19fQXJ0aWNsZQ==&quot;, &quot;event&quot;: &quot;customEventSPE&quot;}\" target=\"_blank\" rel=\"noopener\"><br \/>\n                    Connectez-vous<br \/>\n                <\/a>\n            <\/p>\n<p class=\"fig-headline-tabbar\">\n        \u00ab\u00c0 l\u2019export, ils en veulent toujours plus\u00a0!\u00bb\u00a0: pourquoi le Beaujolais va devenir l\u2019une des plus grandes r\u00e9gions viticoles de France\n    <\/p>\n<p>            <a href=\"https:\/\/abonnement.lefigaro.fr\/lefigaro?app=Figaro&amp;source=sticky-mobile&amp;redirect_uri=https%3A%2F%2Favis-vin.lefigaro.fr%2Fterroir-viticulture%2Fa-l-export-ils-en-veulent-toujours-plus-pourquoi-le-beaujolais-va-devenir-l-une-des-plus-grandes-regions-viticoles-de-france-20250802\" class=\"fig-subscription-button fig-subscription-button--mobile\" data-gtm=\"{&quot;customCategorie&quot;: &quot;conversion&quot;, &quot;customAction&quot;: &quot;before_Landing_Premium_Tapbar&quot;, &quot;customLabel&quot;: &quot;YXZpcy12aW4ubGVmaWdhcm8uZnJfXzFmMDZkZTllLTk1M2QtNjY3MC1iZDMwLWM1YjFiMWE5NTdhM19fQXJ0aWNsZQ==_a_l_export_ils_en_veulent_toujours_plus_pourquoi_le_beaujolais_va_devenir_l_une_des_plus_grandes_regions_viticoles_de_france&quot;, &quot;customIDSPE&quot;: &quot;YXZpcy12aW4ubGVmaWdhcm8uZnJfXzFmMDZkZTllLTk1M2QtNjY3MC1iZDMwLWM1YjFiMWE5NTdhM19fQXJ0aWNsZQ==&quot;, &quot;event&quot;: &quot;customEventSPE&quot;}\" referrerpolicy=\"unsafe-url\" target=\"_blank\" rel=\"noopener\"><br \/>\n    S&rsquo;ABONNER<br \/>\n<\/a><\/p>\n<p>        Fermer<\/p>\n<p>            <a href=\"https:\/\/abonnement.lefigaro.fr\/lefigaro?app=Figaro&amp;source=sticky-desktop&amp;redirect_uri=https%3A%2F%2Favis-vin.lefigaro.fr%2Fterroir-viticulture%2Fa-l-export-ils-en-veulent-toujours-plus-pourquoi-le-beaujolais-va-devenir-l-une-des-plus-grandes-regions-viticoles-de-france-20250802\" class=\"fig-subscription-button fig-subscription-button--desktop\" data-gtm=\"{&quot;customCategorie&quot;: &quot;conversion&quot;, &quot;customAction&quot;: &quot;before_Landing_Premium_Tapbar&quot;, &quot;customLabel&quot;: &quot;YXZpcy12aW4ubGVmaWdhcm8uZnJfXzFmMDZkZTllLTk1M2QtNjY3MC1iZDMwLWM1YjFiMWE5NTdhM19fQXJ0aWNsZQ==_a_l_export_ils_en_veulent_toujours_plus_pourquoi_le_beaujolais_va_devenir_l_une_des_plus_grandes_regions_viticoles_de_france&quot;, &quot;customIDSPE&quot;: &quot;YXZpcy12aW4ubGVmaWdhcm8uZnJfXzFmMDZkZTllLTk1M2QtNjY3MC1iZDMwLWM1YjFiMWE5NTdhM19fQXJ0aWNsZQ==&quot;, &quot;event&quot;: &quot;customEventSPE&quot;}\" referrerpolicy=\"unsafe-url\" target=\"_blank\" rel=\"noopener\"><br \/>\n    S&rsquo;abonner<br \/>\n<\/a><\/p>\n<p>        <a class=\"fig-a11y-skip a11y-hidden\" href=\"#fig-a11y-skip-bottom-taboola-new-site-below-article-thumbnails-premium-paywall\"><br \/>\n        Passer la publicit\u00e9<br \/>\n    <\/a><\/p>\n<ol class=\"fig-related-content__list\">\n<li class=\"fig-related-content__item\">\n<p>            <a href=\"https:\/\/avis-vin.lefigaro.fr\/domaines-et-vignerons\/coup-de-coeur-pour-ces-vins-ambitieux-du-beaujolais-20250512\" class=\"fig-ranking-profile-link\" data-gtm=\"{&quot;event&quot;:&quot;customEventGA4&quot;,&quot;eventName&quot;:&quot;click_navigation&quot;,&quot;location&quot;:&quot;bloc_sur_lememe_theme&quot;,&quot;feature&quot;:&quot;new_article_blocs&quot;,&quot;feature_details&quot;:&quot;Sur le m\\u00eame th\\u00e8me&quot;,&quot;button_action&quot;:&quot;crossclick&quot;}\" data-fig-domain=\"LEFIGARO\" target=\"_blank\" rel=\"noopener\"><\/p>\n<p>        Coup de c\u0153ur pour ces vins ambitieux du Beaujolais<\/p>\n<p>                                                <\/a><\/p>\n<p>        <img   class=\"fig-img fig-ranking-profile-media-small-picture__photo\" alt=\"Coup de c\u0153ur pour ces vins ambitieux du Beaujolais\" height=\"1766\" width=\"2645\"\/><\/p>\n<p class=\"fig-ranking-profile-standfirst\">\n    Le ch\u00e2teau de la Chaize affiche ses ambitions avec des vins r\u00e9jouissants.\n<\/p>\n<\/li>\n<li class=\"fig-related-content__item\">\n<p>            <a href=\"https:\/\/avis-vin.lefigaro.fr\/terroir-viticulture\/notre-selection-de-beaujolais-blancs-vraiment-exceptionnels-desormais-je-prefere-en-acheter-12-plutot-qu-un-grand-bourgogne-20250504\" class=\"fig-ranking-profile-link\" aria-label=\"Notre s\u00e9lection de beaujolais blancs vraiment exceptionnels\u00a0: \u00abD\u00e9sormais, je pr\u00e9f\u00e8re en acheter 12 plut\u00f4t qu\u2019un grand bourgogne\u00bb (article Premium)\" title=\"Notre s\u00e9lection de beaujolais blancs vraiment exceptionnels\u00a0: \u00abD\u00e9sormais, je pr\u00e9f\u00e8re en acheter 12 plut\u00f4t qu\u2019un grand bourgogne\u00bb (article Premium)\" data-gtm=\"{&quot;event&quot;:&quot;customEventGA4&quot;,&quot;eventName&quot;:&quot;click_navigation&quot;,&quot;location&quot;:&quot;bloc_sur_lememe_theme&quot;,&quot;feature&quot;:&quot;new_article_blocs&quot;,&quot;feature_details&quot;:&quot;Sur le m\\u00eame th\\u00e8me&quot;,&quot;button_action&quot;:&quot;crossclick&quot;}\" data-fig-domain=\"LEFIGARO\" target=\"_blank\" rel=\"noopener\"><\/p>\n<p>        Notre s\u00e9lection de beaujolais blancs vraiment exceptionnels\u00a0: \u00abD\u00e9sormais, je pr\u00e9f\u00e8re en acheter 12 plut\u00f4t qu\u2019un grand bourgogne\u00bb<\/p>\n<p>                                                <\/a><\/p>\n<p>        <img   class=\"fig-img fig-ranking-profile-media-small-picture__photo\" alt=\"Notre s\u00e9lection de beaujolais blancs vraiment exceptionnels\u00a0: \u00abD\u00e9sormais, je pr\u00e9f\u00e8re en acheter 12 plut\u00f4t qu\u2019un grand bourgogne\u00bb\" height=\"2001\" width=\"3000\"\/><\/p>\n<p class=\"fig-ranking-profile-standfirst\">\n    Lass\u00e9s de devoir chaque ann\u00e9e d\u00e9bourser des sommes folles pour satisfaire leur amour de grands crus bourguignons, de nombreux amateurs se tournent aujourd\u2019hui vers une r\u00e9gion viticole dont les chardonnays tutoient les sommets, \u00e0 des prix jusqu\u2019\u00e0 10 fois inf\u00e9rieurs. Voici notre s\u00e9lection.\n<\/p>\n<\/li>\n<li class=\"fig-related-content__item\">\n<p>            <a href=\"https:\/\/avis-vin.lefigaro.fr\/domaines-et-vignerons\/a-moulin-a-vent-l-histoire-d-un-domaine-d-un-pere-et-d-un-fils-ambitieux-20250421\" class=\"fig-ranking-profile-link\" data-gtm=\"{&quot;event&quot;:&quot;customEventGA4&quot;,&quot;eventName&quot;:&quot;click_navigation&quot;,&quot;location&quot;:&quot;bloc_sur_lememe_theme&quot;,&quot;feature&quot;:&quot;new_article_blocs&quot;,&quot;feature_details&quot;:&quot;Sur le m\\u00eame th\\u00e8me&quot;,&quot;button_action&quot;:&quot;crossclick&quot;}\" data-fig-domain=\"LEFIGARO\" target=\"_blank\" rel=\"noopener\"><\/p>\n<p>        \u00c0 Moulin-\u00e0-Vent, l\u2019histoire d\u2019un domaine, d\u2019un p\u00e8re et d\u2019un fils ambitieux<\/p>\n<p>                                                <\/a><\/p>\n<p>        <img   class=\"fig-img fig-ranking-profile-media-small-picture__photo\" alt=\"\u00c0 Moulin-\u00e0-Vent, l\u2019histoire d\u2019un domaine, d\u2019un p\u00e8re et d\u2019un fils ambitieux\" height=\"1160\" width=\"1740\"\/><\/p>\n<p class=\"fig-ranking-profile-standfirst\">\n    \u00c0 l\u2019image d\u2019une appellation qui n\u2019en finit plus de s\u00e9duire, le ch\u00e2teau du Moulin-\u00e0-Vent produit des vins ambitieux et r\u00e9jouissants.\n<\/p>\n<\/li>\n<li class=\"fig-related-content__item\">\n<p>            <a href=\"https:\/\/avis-vin.lefigaro.fr\/domaines-et-vignerons\/pourquoi-le-domaine-des-deux-chenes-est-une-propriete-a-suivre-de-pres-dans-le-beaujolais-20250413\" class=\"fig-ranking-profile-link\" data-gtm=\"{&quot;event&quot;:&quot;customEventGA4&quot;,&quot;eventName&quot;:&quot;click_navigation&quot;,&quot;location&quot;:&quot;bloc_sur_lememe_theme&quot;,&quot;feature&quot;:&quot;new_article_blocs&quot;,&quot;feature_details&quot;:&quot;Sur le m\\u00eame th\\u00e8me&quot;,&quot;button_action&quot;:&quot;crossclick&quot;}\" data-fig-domain=\"LEFIGARO\" target=\"_blank\" rel=\"noopener\"><\/p>\n<p>        Pourquoi le domaine des Deux Ch\u00eanes est une propri\u00e9t\u00e9 \u00e0 suivre de pr\u00e8s dans le Beaujolais<\/p>\n<p>                                                <\/a><\/p>\n<p>        <img   class=\"fig-img fig-ranking-profile-media-small-picture__photo\" alt=\"Pourquoi le domaine des Deux Ch\u00eanes est une propri\u00e9t\u00e9 \u00e0 suivre de pr\u00e8s dans le Beaujolais\" height=\"864\" width=\"1296\"\/><\/p>\n<p class=\"fig-ranking-profile-standfirst\">\n    N\u00e9e de la passion pour le terroir et la vigne de deux restaurateurs unis comme les doigts de la main, cette propri\u00e9t\u00e9, situ\u00e9e \u00e0 Ch\u00e9nas, contribue \u00e0 la renaissance du Beaujolais.\n<\/p>\n<\/li>\n<li class=\"fig-related-content__item\">\n<p>            <a href=\"https:\/\/avis-vin.lefigaro.fr\/domaines-et-vignerons\/avoir-le-plus-beau-domaine-du-beaujolais-les-ambitions-sans-limite-du-chateau-de-la-chaize-20241126\" class=\"fig-ranking-profile-link\" data-gtm=\"{&quot;event&quot;:&quot;customEventGA4&quot;,&quot;eventName&quot;:&quot;click_navigation&quot;,&quot;location&quot;:&quot;bloc_sur_lememe_theme&quot;,&quot;feature&quot;:&quot;new_article_blocs&quot;,&quot;feature_details&quot;:&quot;Sur le m\\u00eame th\\u00e8me&quot;,&quot;button_action&quot;:&quot;crossclick&quot;}\" data-fig-domain=\"LEFIGARO\" target=\"_blank\" rel=\"noopener\"><\/p>\n<p>        \u00abAvoir le plus beau domaine du Beaujolais\u00bb\u00a0: les ambitions sans limite du ch\u00e2teau de La Chaize<\/p>\n<p>                                                <\/a><\/p>\n<p>        <img   class=\"fig-img fig-ranking-profile-media-small-picture__photo\" alt=\"\u00abAvoir le plus beau domaine du Beaujolais\u00bb\u00a0: les ambitions sans limite du ch\u00e2teau de La Chaize\" height=\"1766\" width=\"2645\"\/><\/p>\n<p class=\"fig-ranking-profile-standfirst\">\n    Depuis sept ans, Christophe Gruy \u0153uvre \u00e0 la restauration d\u2019un domaine qu\u2019il imagine \u00e0 terme comme la r\u00e9f\u00e9rence de la r\u00e9gion vinicole.\n<\/p>\n<\/li>\n<li class=\"fig-related-content__item\">\n<p>            <a href=\"https:\/\/avis-vin.lefigaro.fr\/domaines-et-vignerons\/il-ne-faut-pas-trafiquer-les-vins-rencontre-avec-jean-foillard-legende-du-beaujolais-20241124\" class=\"fig-ranking-profile-link\" aria-label=\"\u00abIl ne faut pas trafiquer les vins\u00bb\u00a0: rencontre avec Jean Foillard, l\u00e9gende du Beaujolais (article Premium)\" title=\"\u00abIl ne faut pas trafiquer les vins\u00bb\u00a0: rencontre avec Jean Foillard, l\u00e9gende du Beaujolais (article Premium)\" data-gtm=\"{&quot;event&quot;:&quot;customEventGA4&quot;,&quot;eventName&quot;:&quot;click_navigation&quot;,&quot;location&quot;:&quot;bloc_sur_lememe_theme&quot;,&quot;feature&quot;:&quot;new_article_blocs&quot;,&quot;feature_details&quot;:&quot;Sur le m\\u00eame th\\u00e8me&quot;,&quot;button_action&quot;:&quot;crossclick&quot;}\" data-fig-domain=\"LEFIGARO\" target=\"_blank\" rel=\"noopener\"><\/p>\n<p>        \u00abIl ne faut pas trafiquer les vins\u00bb\u00a0: rencontre avec Jean Foillard, l\u00e9gende du Beaujolais<\/p>\n<p>                                                <\/a><\/p>\n<p>        <img   class=\"fig-img fig-ranking-profile-media-small-picture__photo\" alt=\"\u00abIl ne faut pas trafiquer les vins\u00bb\u00a0: rencontre avec Jean Foillard, l\u00e9gende du Beaujolais\" height=\"1107\" width=\"1969\"\/><\/p>\n<p class=\"fig-ranking-profile-standfirst\">\n    Il est l\u2019un des symboles de la mont\u00e9e en gamme du Beaujolais de ces 40 derni\u00e8res ann\u00e9es. Jean Foillard produit des vins reconnus pour leur hommage au terroir de Morgon, l\u2019un des crus de la r\u00e9gion.\n<\/p>\n<\/li>\n<li class=\"fig-related-content__item\">\n<p>            <a href=\"https:\/\/avis-vin.lefigaro.fr\/connaitre-deguster\/pourquoi-le-beaujolais-nouveau-provoque-t-il-une-veritable-hysterie-au-japon-20241121\" class=\"fig-ranking-profile-link\" data-gtm=\"{&quot;event&quot;:&quot;customEventGA4&quot;,&quot;eventName&quot;:&quot;click_navigation&quot;,&quot;location&quot;:&quot;bloc_sur_lememe_theme&quot;,&quot;feature&quot;:&quot;new_article_blocs&quot;,&quot;feature_details&quot;:&quot;Sur le m\\u00eame th\\u00e8me&quot;,&quot;button_action&quot;:&quot;crossclick&quot;}\" data-fig-domain=\"LEFIGARO\" target=\"_blank\" rel=\"noopener\"><\/p>\n<p>        Pourquoi le beaujolais nouveau provoque-t-il une v\u00e9ritable hyst\u00e9rie au Japon\u00a0?<\/p>\n<p>                                                <\/a><\/p>\n<p>        <img   class=\"fig-img fig-ranking-profile-media-small-picture__photo\" alt=\"Pourquoi le beaujolais nouveau provoque-t-il une v\u00e9ritable hyst\u00e9rie au Japon\u00a0?\" height=\"2000\" width=\"3000\"\/><\/p>\n<p class=\"fig-ranking-profile-standfirst\">\n    Si le troisi\u00e8me jeudi de novembre est synonyme de rendez-vous chaleureux en plein c\u0153ur de l\u2019automne pour les amateurs fran\u00e7ais de vin, le beaujolais nouveau est un \u00e9v\u00e9nement qui tourne \u00e0 l\u2019adulation chez les Japonais.\n<\/p>\n<\/li>\n<li class=\"fig-related-content__item\">\n<p>            <a href=\"https:\/\/avis-vin.lefigaro.fr\/tops-selections-vins-spiritueux\/quels-sont-les-meilleurs-beaujolais-nouveaux-a-deguster-cette-annee-20241118\" class=\"fig-ranking-profile-link\" data-gtm=\"{&quot;event&quot;:&quot;customEventGA4&quot;,&quot;eventName&quot;:&quot;click_navigation&quot;,&quot;location&quot;:&quot;bloc_sur_lememe_theme&quot;,&quot;feature&quot;:&quot;new_article_blocs&quot;,&quot;feature_details&quot;:&quot;Sur le m\\u00eame th\\u00e8me&quot;,&quot;button_action&quot;:&quot;crossclick&quot;}\" data-fig-domain=\"LEFIGARO\" target=\"_blank\" rel=\"noopener\"><\/p>\n<p>        Quels sont les meilleurs beaujolais nouveaux \u00e0 d\u00e9guster cette ann\u00e9e\u00a0?<\/p>\n<p>                                                <\/a><\/p>\n<p>        <img   class=\"fig-img fig-ranking-profile-media-small-picture__photo\" alt=\"Quels sont les meilleurs beaujolais nouveaux \u00e0 d\u00e9guster cette ann\u00e9e\u00a0?\" height=\"2000\" width=\"3000\"\/><\/p>\n<p class=\"fig-ranking-profile-standfirst\">\n    Comme tous les ans, le troisi\u00e8me jeudi de novembre verra l\u2019arriv\u00e9e du beaujolais nouveau chez les cavistes et sur les tables. Apr\u00e8s des ann\u00e9es de go\u00fbt banane ou fraise de bois, qu\u2019attendre du mill\u00e9sime 2024\u00a0? Et surtout, quels sont les vins \u00e0 d\u00e9guster en priorit\u00e9\u00a0?\n<\/p>\n<\/li>\n<li class=\"fig-related-content__item\">\n<p>            <a href=\"https:\/\/avis-vin.lefigaro.fr\/connaitre-deguster\/qu-est-ce-qu-un-vin-nouveau-20241031\" class=\"fig-ranking-profile-link\" data-gtm=\"{&quot;event&quot;:&quot;customEventGA4&quot;,&quot;eventName&quot;:&quot;click_navigation&quot;,&quot;location&quot;:&quot;bloc_sur_lememe_theme&quot;,&quot;feature&quot;:&quot;new_article_blocs&quot;,&quot;feature_details&quot;:&quot;Sur le m\\u00eame th\\u00e8me&quot;,&quot;button_action&quot;:&quot;crossclick&quot;}\" data-fig-domain=\"LEFIGARO\" target=\"_blank\" rel=\"noopener\"><\/p>\n<p>        Qu&rsquo;est-ce qu&rsquo;un vin nouveau\u00a0?<\/p>\n<p>                                                <\/a><\/p>\n<p>        <img   class=\"fig-img fig-ranking-profile-media-small-picture__photo\" alt=\"Qu'est-ce qu'un vin nouveau\u00a0?\" height=\"2000\" width=\"3000\"\/><\/p>\n<p class=\"fig-ranking-profile-standfirst\">\n    Le beaujolais nouveau devrait \u00e0 nouveau rencontrer un franc succ\u00e8s en ce mois de novembre. Mais vous \u00eates-vous d\u00e9j\u00e0 demand\u00e9 ce qu&rsquo;est r\u00e9ellement un vin \u00abnouveau\u00bb\u00a0?\n<\/p>\n<\/li>\n<li class=\"fig-related-content__item\">\n<p>            <a href=\"https:\/\/avis-vin.lefigaro.fr\/domaines-et-vignerons\/coup-de-coeur-pour-ce-domaine-ambitieux-du-beaujolais-20241026\" class=\"fig-ranking-profile-link\" data-gtm=\"{&quot;event&quot;:&quot;customEventGA4&quot;,&quot;eventName&quot;:&quot;click_navigation&quot;,&quot;location&quot;:&quot;bloc_sur_lememe_theme&quot;,&quot;feature&quot;:&quot;new_article_blocs&quot;,&quot;feature_details&quot;:&quot;Sur le m\\u00eame th\\u00e8me&quot;,&quot;button_action&quot;:&quot;crossclick&quot;}\" data-fig-domain=\"LEFIGARO\" target=\"_blank\" rel=\"noopener\"><\/p>\n<p>        Coup de c\u0153ur pour ce domaine ambitieux du Beaujolais<\/p>\n<p>                                                <\/a><\/p>\n<p>        <img   class=\"fig-img fig-ranking-profile-media-small-picture__photo\" alt=\"Coup de c\u0153ur pour ce domaine ambitieux du Beaujolais\" height=\"2001\" width=\"3000\"\/><\/p>\n<p class=\"fig-ranking-profile-standfirst\">\n    En plein Beaujolais nord, entre Juli\u00e9nas et Moulin-\u00e0-Vent, le domaine Mont Bessay produit des vins d\u2019ambition, qu\u2019il fait bon oublier dans sa cave.\n<\/p>\n<\/li>\n<\/ol>\n","protected":false},"excerpt":{"rendered":"R\u00e9serv\u00e9 aux abonn\u00e9s Le vignoble de l\u2019appellation Moulin-\u00e0-vent, dans le Beaujolais. AdobeStock Vignoble longtemps moqu\u00e9 pour ses vins&hellip;\n","protected":false},"author":2,"featured_media":292543,"comment_status":"","ping_status":"","sticky":false,"template":"","format":"standard","meta":{"footnotes":""},"categories":[6],"tags":[8079,35,33,34,1011,27],"class_list":{"0":"post-292542","1":"post","2":"type-post","3":"status-publish","4":"format-standard","5":"has-post-thumbnail","7":"category-economie","8":"tag-beaujolais","9":"tag-business","10":"tag-economie","11":"tag-economy","12":"tag-fr","13":"tag-france"},"share_on_mastodon":{"url":"https:\/\/pubeurope.com\/@fr\/114962148334353635","error":""},"_links":{"self":[{"href":"https:\/\/www.europesays.com\/fr\/wp-json\/wp\/v2\/posts\/292542","targetHints":{"allow":["GET"]}}],"collection":[{"href":"https:\/\/www.europesays.com\/fr\/wp-json\/wp\/v2\/posts"}],"about":[{"href":"https:\/\/www.europesays.com\/fr\/wp-json\/wp\/v2\/types\/post"}],"author":[{"embeddable":true,"href":"https:\/\/www.europesays.com\/fr\/wp-json\/wp\/v2\/users\/2"}],"replies":[{"embeddable":true,"href":"https:\/\/www.europesays.com\/fr\/wp-json\/wp\/v2\/comments?post=292542"}],"version-history":[{"count":0,"href":"https:\/\/www.europesays.com\/fr\/wp-json\/wp\/v2\/posts\/292542\/revisions"}],"wp:featuredmedia":[{"embeddable":true,"href":"https:\/\/www.europesays.com\/fr\/wp-json\/wp\/v2\/media\/292543"}],"wp:attachment":[{"href":"https:\/\/www.europesays.com\/fr\/wp-json\/wp\/v2\/media?parent=292542"}],"wp:term":[{"taxonomy":"category","embeddable":true,"href":"https:\/\/www.europesays.com\/fr\/wp-json\/wp\/v2\/categories?post=292542"},{"taxonomy":"post_tag","embeddable":true,"href":"https:\/\/www.europesays.com\/fr\/wp-json\/wp\/v2\/tags?post=292542"}],"curies":[{"name":"wp","href":"https:\/\/api.w.org\/{rel}","templated":true}]}}