{"id":292554,"date":"2025-08-03T01:21:16","date_gmt":"2025-08-03T01:21:16","guid":{"rendered":"https:\/\/www.europesays.com\/fr\/292554\/"},"modified":"2025-08-03T01:21:16","modified_gmt":"2025-08-03T01:21:16","slug":"volley-euro-feminin-liseroise-clemence-vieira-et-aline-chamereau-en-demi-finales-une-premiere-depuis-26-ans","status":"publish","type":"post","link":"https:\/\/www.europesays.com\/fr\/292554\/","title":{"rendered":"volley &#8211; Euro f\u00e9minin. L&rsquo;Is\u00e9roise Cl\u00e9mence Vieira et Aline Chamereau en demi-finales, une premi\u00e8re depuis 26 ans"},"content":{"rendered":"<p>C&rsquo;est une performance que le beach-volley fran\u00e7ais n&rsquo;avait plus connue depuis 26 ans. En battant la paire lettone\u00a0Graudina-Samoilova, les Fran\u00e7aises\u00a0<a href=\"https:\/\/www.ledauphine.com\/sport\/2025\/07\/04\/la-grenobloise-clemence-vieira-enchaine-les-bons-resultats-en-beach-pro-tour\" target=\"_blank\" rel=\"nofollow noopener\">A<\/a><a href=\"https:\/\/www.ledauphine.com\/sport\/2025\/07\/04\/la-grenobloise-clemence-vieira-enchaine-les-bons-resultats-en-beach-pro-tour\" target=\"_blank\" rel=\"nofollow noopener\">line Chamereau et Cl\u00e9mence Vieira<\/a> se sont qualifi\u00e9es pour les demi-finales de l&rsquo;Euro f\u00e9minin, vendredi (2-0: 23-21, 21-14). <\/p>\n<p>Elles peuvent esp\u00e9rer rejoindre dans l&rsquo;histoire Anabelle Prawerman et C\u00e9cile Rigaux. Elles avaient ramen\u00e9 la m\u00e9daille d&rsquo;argent lors du championnat d&rsquo;Europe en 1999. Un podium qui \u00e9chappe aux Fran\u00e7ais depuis cette ann\u00e9e-l\u00e0 (hommes et femmes).<\/p>\n<p>Mais pour d\u00e9crocher une place en finale, <a href=\"https:\/\/www.ledauphine.com\/sport\/2024\/07\/26\/maman-sportive-de-haut-niveau-duo-de-choc-avec-sa-partenaire-cinq-choses-a-savoir-sur-l-iseroise-clemence-vieira\" target=\"_blank\" rel=\"nofollow noopener\">la Grenobloise Cl\u00e9mence Vieira<\/a> et la Nordiste <a href=\"https:\/\/www.ledauphine.com\/p\/aline-chamereau\" target=\"_blank\" rel=\"nofollow noopener\">Aline Chamereau<\/a> devront r\u00e9aliser un nouvel exploit face aux tenantes du titre : les Allemandes\u00a0Svenja Muller et Cinja Tillmann. Le match sera \u00e0 suivre ce samedi \u00e0 16h15.<\/p>\n","protected":false},"excerpt":{"rendered":"C&rsquo;est une performance que le beach-volley fran\u00e7ais n&rsquo;avait plus connue depuis 26 ans. En battant la paire lettone\u00a0Graudina-Samoilova,&hellip;\n","protected":false},"author":2,"featured_media":292555,"comment_status":"","ping_status":"","sticky":false,"template":"","format":"standard","meta":{"footnotes":""},"categories":[9566],"tags":[1111,11,2430,112,1777,674,1701,1011,27,2731,108,12,25,517,1632],"class_list":{"0":"post-292554","1":"post","2":"type-post","3":"status-publish","4":"format-standard","5":"has-post-thumbnail","7":"category-grenoble","8":"tag-actu","9":"tag-actualites","10":"tag-auvergne-rhone-alpes","11":"tag-edition-grenoble-agglomeration","12":"tag-eu","13":"tag-europe","14":"tag-fil-info-sport","15":"tag-fr","16":"tag-france","17":"tag-grenoble","18":"tag-isere","19":"tag-news","20":"tag-republique-francaise","21":"tag-sport","22":"tag-volley-ball"},"share_on_mastodon":{"url":"https:\/\/pubeurope.com\/@fr\/114962214602876752","error":""},"_links":{"self":[{"href":"https:\/\/www.europesays.com\/fr\/wp-json\/wp\/v2\/posts\/292554","targetHints":{"allow":["GET"]}}],"collection":[{"href":"https:\/\/www.europesays.com\/fr\/wp-json\/wp\/v2\/posts"}],"about":[{"href":"https:\/\/www.europesays.com\/fr\/wp-json\/wp\/v2\/types\/post"}],"author":[{"embeddable":true,"href":"https:\/\/www.europesays.com\/fr\/wp-json\/wp\/v2\/users\/2"}],"replies":[{"embeddable":true,"href":"https:\/\/www.europesays.com\/fr\/wp-json\/wp\/v2\/comments?post=292554"}],"version-history":[{"count":0,"href":"https:\/\/www.europesays.com\/fr\/wp-json\/wp\/v2\/posts\/292554\/revisions"}],"wp:featuredmedia":[{"embeddable":true,"href":"https:\/\/www.europesays.com\/fr\/wp-json\/wp\/v2\/media\/292555"}],"wp:attachment":[{"href":"https:\/\/www.europesays.com\/fr\/wp-json\/wp\/v2\/media?parent=292554"}],"wp:term":[{"taxonomy":"category","embeddable":true,"href":"https:\/\/www.europesays.com\/fr\/wp-json\/wp\/v2\/categories?post=292554"},{"taxonomy":"post_tag","embeddable":true,"href":"https:\/\/www.europesays.com\/fr\/wp-json\/wp\/v2\/tags?post=292554"}],"curies":[{"name":"wp","href":"https:\/\/api.w.org\/{rel}","templated":true}]}}