{"id":292564,"date":"2025-08-03T01:30:41","date_gmt":"2025-08-03T01:30:41","guid":{"rendered":"https:\/\/www.europesays.com\/fr\/292564\/"},"modified":"2025-08-03T01:30:41","modified_gmt":"2025-08-03T01:30:41","slug":"fc-nantes-anthony-lopes-apres-angers-du-jour-au-lendemain-on-nous-demande-de-jouer-au","status":"publish","type":"post","link":"https:\/\/www.europesays.com\/fr\/292564\/","title":{"rendered":"FC Nantes. Anthony Lopes apr\u00e8s Angers\u00a0: \u00ab\u00a0Du jour au lendemain, on nous demande de jouer au"},"content":{"rendered":"<tr wp_automatic_readability=\"3.9124087591241\">\n<td valign=\"middle\" align=\"center\" class=\"col-logo\">\n    <img decoding=\"async\" src=\"https:\/\/www.europesays.com\/fr\/wp-content\/uploads\/2025\/04\/presse-ocean.gif\" alt=\"logo Presse-Oc\u00e9an\" height=\"66\"\/><\/p>\n<\/td>\n<td class=\"col-titre\">\n\t\t\tSamedi 02 ao\u00fbt 2025 21:41<br \/>\n\t\t\t<a class=\"icon-bulle sizeL count\" href=\"#ancreAvis\"><br \/>\n\t&#8230;<br \/>\n<\/a><\/td>\n<\/tr>\n<p>\t\t<a class=\"mavillebox2 elmt-photo\" href=\"https:\/\/maville.com\/photosmvi\/2025\/08\/02\/P35387537D6922663G.jpg\" title=\" Anthony Lopes rappelle que le groupe du FC Nantes est tr\u00e8s jeune et a besoin d\u2019exp\u00e9rience.  \u00a9  Photo Le Courrier de l\u2019Ouest - Josselin Clair  &lt;!--TAG-BLC credit--&gt;\" rel=\"galerie_actu noopener\" target=\"_blank\"><br \/>\n\t<img decoding=\"async\" src=\"https:\/\/www.europesays.com\/fr\/wp-content\/uploads\/2025\/08\/P35387537D6922663G_crop_640-330_.jpg\" alt=\"photo  anthony lopes rappelle que le groupe du fc nantes est tr\u00e8s jeune et a besoin d\u2019exp\u00e9rience.  \u00a9  photo le courrier de l\u2019ouest - josselin clair \"\/><br \/>\n\t1<br \/>\n<\/a><\/p>\n<p class=\"elmt-legende\"> Anthony Lopes rappelle que le groupe du FC Nantes est tr\u00e8s jeune et a besoin d\u2019exp\u00e9rience.  \u00a9  Photo Le Courrier de l\u2019Ouest &#8211; Josselin Clair  <\/p>\n<p>\t\tLe gardien du FC Nantes, qui \u00e0 34\u00a0ans compte parmi les cadres de l\u2019\u00e9quipe, s\u2019est exprim\u00e9 apr\u00e8s la d\u00e9faite de son \u00e9quipe \u00e0 Angers. S\u2019il a vu de bonnes choses, il rappelle que l\u2019\u00e9quipe est tr\u00e8s jeune et qu\u2019elle manque encore de joueurs d\u2019exp\u00e9rience pour les encadrer. Il appuie aussi sur le changement de philosophie radical \u00e0 l\u2019intersaison.<\/p>\n<p><b>Cet article est r\u00e9serv\u00e9 aux abonn\u00e9s<\/b><\/p>\n<p>Pour un acc\u00e8s imm\u00e9diat, abonnez-vous<\/p>\n<p><b>1\u00e8re semaine offerte<\/b><\/p>\n<p>\t\t Pierre-Arnaud BARD. \u00a0\u00a0<br \/>\n\t\tPresse-Oc\u00e9an<\/p>\n<p>Retrouvez d&rsquo;autres actus sur les communes de :<\/p>\n<p>\t\t&#13;<\/p>\n","protected":false},"excerpt":{"rendered":"Samedi 02 ao\u00fbt 2025 21:41 &#8230; 1 Anthony Lopes rappelle que le groupe du FC Nantes est tr\u00e8s&hellip;\n","protected":false},"author":2,"featured_media":292565,"comment_status":"","ping_status":"","sticky":false,"template":"","format":"standard","meta":{"footnotes":""},"categories":[2818],"tags":[1111,11,3809,1465,1777,674,63,1011,27,1792,1922,766,12,2636,25,479,517,1470],"class_list":{"0":"post-292564","1":"post","2":"type-post","3":"status-publish","4":"format-standard","5":"has-post-thumbnail","7":"category-nantes","8":"tag-actu","9":"tag-actualites","10":"tag-ball","11":"tag-basket","12":"tag-eu","13":"tag-europe","14":"tag-football","15":"tag-fr","16":"tag-france","17":"tag-handball","18":"tag-info","19":"tag-nantes","20":"tag-news","21":"tag-pays-de-la-loire","22":"tag-republique-francaise","23":"tag-rugby","24":"tag-sport","25":"tag-volley"},"share_on_mastodon":{"url":"https:\/\/pubeurope.com\/@fr\/114962250060765688","error":""},"_links":{"self":[{"href":"https:\/\/www.europesays.com\/fr\/wp-json\/wp\/v2\/posts\/292564","targetHints":{"allow":["GET"]}}],"collection":[{"href":"https:\/\/www.europesays.com\/fr\/wp-json\/wp\/v2\/posts"}],"about":[{"href":"https:\/\/www.europesays.com\/fr\/wp-json\/wp\/v2\/types\/post"}],"author":[{"embeddable":true,"href":"https:\/\/www.europesays.com\/fr\/wp-json\/wp\/v2\/users\/2"}],"replies":[{"embeddable":true,"href":"https:\/\/www.europesays.com\/fr\/wp-json\/wp\/v2\/comments?post=292564"}],"version-history":[{"count":0,"href":"https:\/\/www.europesays.com\/fr\/wp-json\/wp\/v2\/posts\/292564\/revisions"}],"wp:featuredmedia":[{"embeddable":true,"href":"https:\/\/www.europesays.com\/fr\/wp-json\/wp\/v2\/media\/292565"}],"wp:attachment":[{"href":"https:\/\/www.europesays.com\/fr\/wp-json\/wp\/v2\/media?parent=292564"}],"wp:term":[{"taxonomy":"category","embeddable":true,"href":"https:\/\/www.europesays.com\/fr\/wp-json\/wp\/v2\/categories?post=292564"},{"taxonomy":"post_tag","embeddable":true,"href":"https:\/\/www.europesays.com\/fr\/wp-json\/wp\/v2\/tags?post=292564"}],"curies":[{"name":"wp","href":"https:\/\/api.w.org\/{rel}","templated":true}]}}