{"id":292566,"date":"2025-08-03T01:32:15","date_gmt":"2025-08-03T01:32:15","guid":{"rendered":"https:\/\/www.europesays.com\/fr\/292566\/"},"modified":"2025-08-03T01:32:15","modified_gmt":"2025-08-03T01:32:15","slug":"fcba-bordeaux-le-groupe-des-girondins-avec-vital-nsimba","status":"publish","type":"post","link":"https:\/\/www.europesays.com\/fr\/292566\/","title":{"rendered":"FCBA-Bordeaux : le groupe des Girondins avec Vital Nsimba"},"content":{"rendered":"<p><img decoding=\"async\" src=\"https:\/\/www.europesays.com\/fr\/wp-content\/uploads\/2025\/08\/671_654f6bd6bd8f10315d0a7db305628ae1.jpg\" alt=\"FCBA-Bordeaux : le groupe des Girondins avec Vital Nsimba\" class=\"img-responsive mt-3\"\/><\/p>\n<p class=\"text-center mb-3\" style=\"font-size: 14px\">\u00a9 Iconsport<\/p>\n<p style=\"text-align: justify;\">Voici les 16 joueurs convoqu\u00e9s pour cette rencontre de parparation qui se joue \u00e0 20h au Stade Jean Brousse d&rsquo;Arcachon. Nous vous proposons un live texte de la rencontre sur WebGirondins.<\/p>\n<p style=\"text-align: justify;\"><strong>Gardiens<\/strong> : Hoekstra, Lecroart<\/p>\n<p style=\"text-align: justify;\"><strong>D\u00e9fenseurs<\/strong> : Droehnl\u00e9, Grillot, Jousselin, Nsimba, Trichard, Vendenabeele<\/p>\n<p style=\"text-align: justify;\"><strong>Milieux<\/strong> : Diop, Odru, Ramon,Sahibbedine<\/p>\n<p style=\"text-align: justify;\"><strong>Attaquants<\/strong> : Openda, Rizaldos, Villette, Etonde<\/p>\n<p style=\"text-align: justify;\"><strong>Absents<\/strong> : Agossa (choix), Ciss\u00e9 (bless\u00e9), Shamal (bless\u00e9), Ba (r\u00e9athl\u00e9tisation), Bahassa (r\u00e9athl\u00e9tisation), Manna\u00ef (r\u00e9athl\u00e9tisation).<\/p>\n<p style=\"text-align: justify;\">Le prochain match de pr\u00e9paration, le dernier avant le d\u00e9but du championnat se joue \u00e0 Tarnos samedi 9 ao\u00fbt face \u00e0 l&rsquo;Aviron Bayonnais.<\/p>\n<p style=\"text-align: justify;\">\u00c0 lire &gt;&gt; <strong><a href=\"https:\/\/www.webgirondins.com\/actualite-girondins-girondins-les-5-gars-surs-de-l-effectif-de-bordeaux-2025-2026-129920\" target=\"_blank\" rel=\"noopener\">les 5 gars s\u00fbrs de l&rsquo;effectif de Bordeaux 2025-2026<\/a><\/strong><\/p>\n<p style=\"text-align: justify;\">Notre podcast court \u00e0 \u00e9couter :<\/p>\n<p>\u00a0<\/p>\n","protected":false},"excerpt":{"rendered":"\u00a9 Iconsport Voici les 16 joueurs convoqu\u00e9s pour cette rencontre de parparation qui se joue \u00e0 20h au&hellip;\n","protected":false},"author":2,"featured_media":292567,"comment_status":"","ping_status":"","sticky":false,"template":"","format":"standard","meta":{"footnotes":""},"categories":[2817],"tags":[1111,11,2863,23856,3396,27493,1997,3211,40199,24626,1777,674,2823,21,37542,1011,27,1987,2705,3212,4059,12,2219,39232,11695,471,29390,5486,25,3982,43260,39231],"class_list":{"0":"post-292566","1":"post","2":"type-post","3":"status-publish","4":"format-standard","5":"has-post-thumbnail","7":"category-bordeaux","8":"tag-actu","9":"tag-actualites","10":"tag-aout","11":"tag-arcachon","12":"tag-avec","13":"tag-bassin","14":"tag-bordeaux","15":"tag-bruno","16":"tag-convoque","17":"tag-convoques","18":"tag-eu","19":"tag-europe","20":"tag-face","21":"tag-fait","22":"tag-fcba","23":"tag-fr","24":"tag-france","25":"tag-girondins","26":"tag-groupe","27":"tag-irles","28":"tag-joueurs","29":"tag-news","30":"tag-nouvelle-aquitaine","31":"tag-nsimba","32":"tag-partie","33":"tag-pour","34":"tag-preparation","35":"tag-rencontre","36":"tag-republique-francaise","37":"tag-samedi","38":"tag-sulement","39":"tag-vital"},"share_on_mastodon":{"url":"https:\/\/pubeurope.com\/@fr\/114962258276205517","error":""},"_links":{"self":[{"href":"https:\/\/www.europesays.com\/fr\/wp-json\/wp\/v2\/posts\/292566","targetHints":{"allow":["GET"]}}],"collection":[{"href":"https:\/\/www.europesays.com\/fr\/wp-json\/wp\/v2\/posts"}],"about":[{"href":"https:\/\/www.europesays.com\/fr\/wp-json\/wp\/v2\/types\/post"}],"author":[{"embeddable":true,"href":"https:\/\/www.europesays.com\/fr\/wp-json\/wp\/v2\/users\/2"}],"replies":[{"embeddable":true,"href":"https:\/\/www.europesays.com\/fr\/wp-json\/wp\/v2\/comments?post=292566"}],"version-history":[{"count":0,"href":"https:\/\/www.europesays.com\/fr\/wp-json\/wp\/v2\/posts\/292566\/revisions"}],"wp:featuredmedia":[{"embeddable":true,"href":"https:\/\/www.europesays.com\/fr\/wp-json\/wp\/v2\/media\/292567"}],"wp:attachment":[{"href":"https:\/\/www.europesays.com\/fr\/wp-json\/wp\/v2\/media?parent=292566"}],"wp:term":[{"taxonomy":"category","embeddable":true,"href":"https:\/\/www.europesays.com\/fr\/wp-json\/wp\/v2\/categories?post=292566"},{"taxonomy":"post_tag","embeddable":true,"href":"https:\/\/www.europesays.com\/fr\/wp-json\/wp\/v2\/tags?post=292566"}],"curies":[{"name":"wp","href":"https:\/\/api.w.org\/{rel}","templated":true}]}}