{"id":292570,"date":"2025-08-03T01:34:13","date_gmt":"2025-08-03T01:34:13","guid":{"rendered":"https:\/\/www.europesays.com\/fr\/292570\/"},"modified":"2025-08-03T01:34:13","modified_gmt":"2025-08-03T01:34:13","slug":"match-amical-nouvelle-lourde-defaite-pour-toulouse-ecrase-par-les-allemands-de-stuttgart-4","status":"publish","type":"post","link":"https:\/\/www.europesays.com\/fr\/292570\/","title":{"rendered":"Match amical. Nouvelle lourde d\u00e9faite pour Toulouse, \u00e9cras\u00e9 par les Allemands de Stuttgart ."},"content":{"rendered":"<p>Les supporters du <a href=\"https:\/\/www.ouest-france.fr\/sport\/football\/toulouse-fc\/\" target=\"_blank\" rel=\"noopener\">Toulouse FC<\/a> ne risquent pas d\u2019\u00eatre les plus rassur\u00e9s avant la reprise de la Ligue 1. Les joueurs et le staff eux ne prennent pas en confiance, m\u00eame si l\u2019objectif de\u00a0Carles Mart\u00ednez Novell est de tester tous ses joueurs. Ce samedi 2\u00a0ao\u00fbt 2025, le T\u00e9F\u00e9C\u00e9 en a pris 6\u00a0face \u00e0 Stuttgart, sans jamais trouver le chemin des filets. Une autre lourde d\u00e9faite, et toujours pas de victoire en amical.<\/p>\n<p>Un dernier test face \u00e0 S\u00e9ville<\/p>\n<p>S\u2019ils n\u2019avaient pas perdu, les Violets avaient commenc\u00e9 par un match nul face \u00e0 Pau (0-0), pensionnaire de Ligue 2. Depuis, Toulouse reste sur quatre d\u00e9faites cons\u00e9cutives, dont deux avec des scores tr\u00e8s lourds. 1-2 face au Queens Park Rangers entra\u00een\u00e9 par Julien St\u00e9phan, avec un but sur coup de pied arr\u00eat\u00e9, 0-7\u00a0contre Leipzig, 1-2 contre le Al-Nassr de Cristiano Ronaldo, et donc cette d\u00e9faite 6-0\u00a0face \u00e0 Stuttgart. Bilan \u00e0 ce stade des matches de pr\u00e9paration, 2\u00a0buts inscrits pour 17\u00a0encaiss\u00e9s en cinq matches, pas de quoi mettre en confiance l\u2019attaque ou la d\u00e9fense.<\/p>\n<p><strong>Lire aussi\u00a0:<\/strong> <a href=\"https:\/\/aurillac.maville.com\/sport\/detail_-ligue-1.-apres-le-stade-rennais-olivier-cloarec-nomme-president-du-toulouse-fc-_54135-6891265_actu.Htm\" target=\"_self\" rel=\"noopener\">Ligue 1. Apr\u00e8s le Stade Rennais, Olivier Cloarec nomm\u00e9 pr\u00e9sident du Toulouse FC<\/a><\/p>\n<p>Avant la reprise du championnat le samedi 16\u00a0ao\u00fbt contre Nice (21\u00a0h\u00a005) Toulouse doit encore d\u00e9fier le S\u00e9ville FC dimanche 10\u00a0ao\u00fbt (19\u00a0h). Peut-\u00eatre pour tenter de finir sur une note positive.<\/p>\n<p>\u00a0<\/p>\n","protected":false},"excerpt":{"rendered":"Les supporters du Toulouse FC ne risquent pas d\u2019\u00eatre les plus rassur\u00e9s avant la reprise de la Ligue&hellip;\n","protected":false},"author":2,"featured_media":292154,"comment_status":"","ping_status":"","sticky":false,"template":"","format":"standard","meta":{"footnotes":""},"categories":[2816],"tags":[1111,11,3809,1465,3472,1777,674,63,1011,27,1792,1922,12,2680,25,479,517,2312,1470],"class_list":{"0":"post-292570","1":"post","2":"type-post","3":"status-publish","4":"format-standard","5":"has-post-thumbnail","7":"category-toulouse","8":"tag-actu","9":"tag-actualites","10":"tag-ball","11":"tag-basket","12":"tag-dinan","13":"tag-eu","14":"tag-europe","15":"tag-football","16":"tag-fr","17":"tag-france","18":"tag-handball","19":"tag-info","20":"tag-news","21":"tag-occitanie","22":"tag-republique-francaise","23":"tag-rugby","24":"tag-sport","25":"tag-toulouse","26":"tag-volley"},"share_on_mastodon":{"url":"https:\/\/pubeurope.com\/@fr\/114962265748646946","error":""},"_links":{"self":[{"href":"https:\/\/www.europesays.com\/fr\/wp-json\/wp\/v2\/posts\/292570","targetHints":{"allow":["GET"]}}],"collection":[{"href":"https:\/\/www.europesays.com\/fr\/wp-json\/wp\/v2\/posts"}],"about":[{"href":"https:\/\/www.europesays.com\/fr\/wp-json\/wp\/v2\/types\/post"}],"author":[{"embeddable":true,"href":"https:\/\/www.europesays.com\/fr\/wp-json\/wp\/v2\/users\/2"}],"replies":[{"embeddable":true,"href":"https:\/\/www.europesays.com\/fr\/wp-json\/wp\/v2\/comments?post=292570"}],"version-history":[{"count":0,"href":"https:\/\/www.europesays.com\/fr\/wp-json\/wp\/v2\/posts\/292570\/revisions"}],"wp:featuredmedia":[{"embeddable":true,"href":"https:\/\/www.europesays.com\/fr\/wp-json\/wp\/v2\/media\/292154"}],"wp:attachment":[{"href":"https:\/\/www.europesays.com\/fr\/wp-json\/wp\/v2\/media?parent=292570"}],"wp:term":[{"taxonomy":"category","embeddable":true,"href":"https:\/\/www.europesays.com\/fr\/wp-json\/wp\/v2\/categories?post=292570"},{"taxonomy":"post_tag","embeddable":true,"href":"https:\/\/www.europesays.com\/fr\/wp-json\/wp\/v2\/tags?post=292570"}],"curies":[{"name":"wp","href":"https:\/\/api.w.org\/{rel}","templated":true}]}}