{"id":292574,"date":"2025-08-03T01:38:11","date_gmt":"2025-08-03T01:38:11","guid":{"rendered":"https:\/\/www.europesays.com\/fr\/292574\/"},"modified":"2025-08-03T01:38:11","modified_gmt":"2025-08-03T01:38:11","slug":"roberto-de-zerbi-encense-facundo-medina-france-marseille","status":"publish","type":"post","link":"https:\/\/www.europesays.com\/fr\/292574\/","title":{"rendered":"Roberto De Zerbi encense Facundo Medina &#8211; France &#8211; Marseille"},"content":{"rendered":"<p>Il est tomb\u00e9 amoureux.<\/p>\n<p>Cet \u00e9t\u00e9, Roberto De Zerbi a eu le bonheur de voir <a target=\"_blank\" href=\"http:\/\/sofoot.com\/breves\/facundo-medina-argentin-ancien-lensois-sengage-officiellement-a-marseille\" rel=\"nofollow noopener\">arriver Facundo Medina dans son effectif en provenance de Lens<\/a>. Et le moins que l\u2019on puisse dire, c\u2019est que <a target=\"_blank\" href=\"https:\/\/www.sofoot.com\/articles\/transfert-facundo-medina-a-lom-folie-a-deux\" rel=\"nofollow noopener\">le coup de foudre a eu lieu<\/a>. En tout cas, l<strong>\u2018entra\u00eeneur de l\u2019Olympique de Marseille est ravi de pouvoir compter sur son nouveau d\u00e9fenseur<\/strong>.<\/p>\n<p>\u00ab\u202fMedina a tellement de personnalit\u00e9 qu\u2019il peut jouer partout, voire gardien et avant-centre, <strong>a ainsi rigol\u00e9 le coach de l\u2019OM<\/strong>, en conf\u00e9rence de presse. On aura peut-\u00eatre pas \u00e9norm\u00e9ment de possession en Ligue des champions, mais m\u00eame s\u2019il faut affronter des excentr\u00e9s, il n\u2019aura pas de probl\u00e8me \u00e0 s\u2019ins\u00e9rer dans le couloir selon moi.\u202f\u00bb<\/p>\n<p>Malheureusement pour le technicien, la recrue sera suspendue lors de la premi\u00e8re journ\u00e9e de championnat\u2026<\/p>\n<p>\t\t\t\t\t\t\t\t\t\t<a class=\"lien-connexe\" href=\"https:\/\/www.sofoot.com\/breves\/amical-marseille-concede-le-nul-face-a-seville-lorient-gagne-contre-swansea-et-auxerre-perd-devant-ipswich\" rel=\"nofollow noopener\" target=\"_blank\">Nul frustrant pour Marseille contre S\u00e9ville, succ\u00e8s de Lorient face \u00e0 Swansea<\/a>\t\t\t\t\t<\/p>\n","protected":false},"excerpt":{"rendered":"Il est tomb\u00e9 amoureux. Cet \u00e9t\u00e9, Roberto De Zerbi a eu le bonheur de voir arriver Facundo Medina&hellip;\n","protected":false},"author":2,"featured_media":292575,"comment_status":"","ping_status":"","sticky":false,"template":"","format":"standard","meta":{"footnotes":""},"categories":[2814],"tags":[1111,47,11,61,69,65,64,1777,674,63,1011,27,68,66,884,12,62,70,882,25,67],"class_list":{"0":"post-292574","1":"post","2":"type-post","3":"status-publish","4":"format-standard","5":"has-post-thumbnail","7":"category-marseille","8":"tag-actu","9":"tag-actualite","10":"tag-actualites","11":"tag-actus-football","12":"tag-bundesliga","13":"tag-championnats-europeens","14":"tag-equipe-de-france","15":"tag-eu","16":"tag-europe","17":"tag-football","18":"tag-fr","19":"tag-france","20":"tag-ligua","21":"tag-ligue-1","22":"tag-marseille","23":"tag-news","24":"tag-news-foot","25":"tag-premier-league","26":"tag-provence-alpes-cote-dazur","27":"tag-republique-francaise","28":"tag-serie-a"},"share_on_mastodon":{"url":"https:\/\/pubeurope.com\/@fr\/114962281480689866","error":""},"_links":{"self":[{"href":"https:\/\/www.europesays.com\/fr\/wp-json\/wp\/v2\/posts\/292574","targetHints":{"allow":["GET"]}}],"collection":[{"href":"https:\/\/www.europesays.com\/fr\/wp-json\/wp\/v2\/posts"}],"about":[{"href":"https:\/\/www.europesays.com\/fr\/wp-json\/wp\/v2\/types\/post"}],"author":[{"embeddable":true,"href":"https:\/\/www.europesays.com\/fr\/wp-json\/wp\/v2\/users\/2"}],"replies":[{"embeddable":true,"href":"https:\/\/www.europesays.com\/fr\/wp-json\/wp\/v2\/comments?post=292574"}],"version-history":[{"count":0,"href":"https:\/\/www.europesays.com\/fr\/wp-json\/wp\/v2\/posts\/292574\/revisions"}],"wp:featuredmedia":[{"embeddable":true,"href":"https:\/\/www.europesays.com\/fr\/wp-json\/wp\/v2\/media\/292575"}],"wp:attachment":[{"href":"https:\/\/www.europesays.com\/fr\/wp-json\/wp\/v2\/media?parent=292574"}],"wp:term":[{"taxonomy":"category","embeddable":true,"href":"https:\/\/www.europesays.com\/fr\/wp-json\/wp\/v2\/categories?post=292574"},{"taxonomy":"post_tag","embeddable":true,"href":"https:\/\/www.europesays.com\/fr\/wp-json\/wp\/v2\/tags?post=292574"}],"curies":[{"name":"wp","href":"https:\/\/api.w.org\/{rel}","templated":true}]}}