{"id":292580,"date":"2025-08-03T01:43:10","date_gmt":"2025-08-03T01:43:10","guid":{"rendered":"https:\/\/www.europesays.com\/fr\/292580\/"},"modified":"2025-08-03T01:43:10","modified_gmt":"2025-08-03T01:43:10","slug":"son-quitte-tottenham-bouabre-au-neom-sc-le-paris-fc-piste-un-crack-du-barca","status":"publish","type":"post","link":"https:\/\/www.europesays.com\/fr\/292580\/","title":{"rendered":"Son quitte Tottenham, Bouabr\u00e9 au Neom SC, le Paris FC piste un crack du Bar\u00e7a"},"content":{"rendered":"<p>Alors que le mercato estival bat son plein, les premi\u00e8res op\u00e9rations en Ligue 1 et en Europe se pr\u00e9cisent quand certaines sont d\u00e9j\u00e0 officielles. Tour d\u2019horizon des mouvements du mercato de ce samedi 2 ao\u00fbt.<\/p>\n<p>C\u2019est officiel<\/p>\n<p>C\u2019est avec beaucoup d\u2019\u00e9motion que <strong>Son Heung-min <\/strong>a annonc\u00e9 son d\u00e9part de <strong>Tottenham<\/strong> apr\u00e8s 10 ans pass\u00e9s au club. Avec 173 buts en 454 apparitions, le capitaine quitte les <strong>Spurs<\/strong> en ayant enfin remport\u00e9 un troph\u00e9e europ\u00e9en, la <strong>Ligue Europa<\/strong> contre <strong>Manchester United<\/strong> (1-0), le 21 mai dernier.<\/p>\n<p><strong>Aaron Ramsdale<\/strong> est officiellement pr\u00eat\u00e9 \u00e0 <strong>Newcastle<\/strong> par <strong>Sunderland<\/strong>, dans le cadre d\u2019un pr\u00eat avec option d\u2019achat. Ce sera l\u2019occasion pour le gardien anglais de 27 ans de jouer les phases de groupe de la Ligue des champions avec Newcastle. Il avait connu la rel\u00e9gation avec Sunderland en fin de saison derni\u00e8re.<\/p>\n<p>C\u2019\u00e9tait d\u00e9sormais officiel, la jeune p\u00e9pite de 19 ans de l\u2019<strong>AS Monaco<\/strong>, <strong>Sa\u00efmon Bouabr\u00e9<\/strong> file au <strong>Neom SC<\/strong>, n\u00e9o-promu en premi\u00e8re division saoudienne. Montant du transfert du milieu de terrain : 10 millions d\u2019euros, plus deux en bonus.<\/p>\n<p>Les autres transferts<\/p>\n<ul class=\"wp-block-list\">\n<li>Alors qu\u2019il int\u00e9ressait le <strong>LOSC<\/strong>, <strong>David Moller Wolfe<\/strong> a officiellement rejoint <strong>Wolverhampton<\/strong> ce samedi. Il quitte l\u2019<strong>AZ Alkmaar<\/strong> pour 12 M\u20ac et est \u00e0 pr\u00e9sent li\u00e9 aux Wolves pour cinq saisons.<\/li>\n<li><strong>Jakub Piotrowski<\/strong> est un joueur de l\u2019Udinese ! Le milieu polonais de 27 ans a quitt\u00e9 Ludogorets avec qui il \u00e9voluait depuis 2022. Contrat jusqu\u2019en 2029.<\/li>\n<\/ul>\n<p>On en parle<\/p>\n<p>Le <strong>Bayern Munich<\/strong> a confirm\u00e9 que <strong>Joao Palhinha<\/strong> faisait l\u2019objet de discussions en vue d\u2019un transfert. Les diverses rumeurs l\u2019envoient du c\u00f4t\u00e9 de <strong>Tottenham<\/strong>.<\/p>\n<p><strong>Th\u00e9na Massock <\/strong>signe officiellement \u00e0 <strong>Dunkerque<\/strong>. Le milieu de terrain de 17 ans a quitt\u00e9 l\u2019<strong>Amiens SC<\/strong> pour signer son premier contrat pro avec l\u2019<strong>USL<\/strong>. Il sera li\u00e9 au club maritime jusqu\u2019en juin 2028.<\/p>\n<p>Plusieurs m\u00e9dias ont fait \u00e9tat de discussions entre <strong>Christopher Nkunku<\/strong> (Chelsea) et l\u2019<strong>Inter Milan<\/strong>. Le milieu des Blues n\u2019aurait pas l\u2019intention de se contenter du statut de joueur de rotation dans l\u2019effectif d\u2019<strong>Enzo Maresca<\/strong>.<\/p>\n<p>Les autres rumeurs<\/p>\n<ul class=\"wp-block-list\">\n<li><strong>Hector Fort <\/strong>et <strong>Hamari Traor\u00e9<\/strong> int\u00e9ressent le <strong>Paris FC<\/strong>. Le club aurait pris des renseignements sur les deux joueurs.\u00a0<a href=\"https:\/\/www.lequipe.fr\/Football\/Actualites\/Mercato-le-paris-fc-se-renseigne-sur-hector-fort-lateral-du-barca-de-18-ans\/1582449\" target=\"_blank\" rel=\"noopener nofollow\">L\u2019\u00c9quipe<\/a><\/li>\n<li><strong>Timothy Weah<\/strong>, actuellement en stage d\u2019\u00e9t\u00e9 avec la <strong>Juventus<\/strong>, serait tout proche d\u2019un accord avec l\u2019<strong>Olympique de Marseille<\/strong>. Exclu FootMercato<\/li>\n<li><strong>Xavi Simons<\/strong> souhaiterait rejoindre <strong>Chelsea<\/strong>. Son club, <strong>Leipizig<\/strong>, reclame aux alentours de 69 millions d\u2019euros. Comme <a href=\"https:\/\/le11hdf.fr\/mercato-actus-1er-aout-paixao-ayew-isak-lookman\/\" rel=\"nofollow noopener\" target=\"_blank\"><strong>Ademola Lookman <\/strong>hier,<\/a> le joueur de 22 ans a d\u00e9cid\u00e9 de muscler les n\u00e9gociations \u00e0 sa mani\u00e8re : il a supprim\u00e9 la mention du RB Leipzig dans sa biographie Instagram.<\/li>\n<\/ul>\n<p>Gnam\u00e9 DIARRA<\/p>\n<p>Cr\u00e9dit photo : Bagu Blanco \/ Pressinphoto \/ Icon Sport<\/p>\n","protected":false},"excerpt":{"rendered":"Alors que le mercato estival bat son plein, les premi\u00e8res op\u00e9rations en Ligue 1 et en Europe se&hellip;\n","protected":false},"author":2,"featured_media":292581,"comment_status":"","ping_status":"","sticky":false,"template":"","format":"standard","meta":{"footnotes":""},"categories":[1888],"tags":[1111,1928,11,1927,1777,674,1011,27,12,1926,626,1925,25],"class_list":{"0":"post-292580","1":"post","2":"type-post","3":"status-publish","4":"format-standard","5":"has-post-thumbnail","7":"category-paris","8":"tag-actu","9":"tag-actu-paris","10":"tag-actualites","11":"tag-actualites-paris","12":"tag-eu","13":"tag-europe","14":"tag-fr","15":"tag-france","16":"tag-news","17":"tag-news-paris","18":"tag-paris","19":"tag-paris-news","20":"tag-republique-francaise"},"share_on_mastodon":{"url":"https:\/\/pubeurope.com\/@fr\/114962301196220041","error":""},"_links":{"self":[{"href":"https:\/\/www.europesays.com\/fr\/wp-json\/wp\/v2\/posts\/292580","targetHints":{"allow":["GET"]}}],"collection":[{"href":"https:\/\/www.europesays.com\/fr\/wp-json\/wp\/v2\/posts"}],"about":[{"href":"https:\/\/www.europesays.com\/fr\/wp-json\/wp\/v2\/types\/post"}],"author":[{"embeddable":true,"href":"https:\/\/www.europesays.com\/fr\/wp-json\/wp\/v2\/users\/2"}],"replies":[{"embeddable":true,"href":"https:\/\/www.europesays.com\/fr\/wp-json\/wp\/v2\/comments?post=292580"}],"version-history":[{"count":0,"href":"https:\/\/www.europesays.com\/fr\/wp-json\/wp\/v2\/posts\/292580\/revisions"}],"wp:featuredmedia":[{"embeddable":true,"href":"https:\/\/www.europesays.com\/fr\/wp-json\/wp\/v2\/media\/292581"}],"wp:attachment":[{"href":"https:\/\/www.europesays.com\/fr\/wp-json\/wp\/v2\/media?parent=292580"}],"wp:term":[{"taxonomy":"category","embeddable":true,"href":"https:\/\/www.europesays.com\/fr\/wp-json\/wp\/v2\/categories?post=292580"},{"taxonomy":"post_tag","embeddable":true,"href":"https:\/\/www.europesays.com\/fr\/wp-json\/wp\/v2\/tags?post=292580"}],"curies":[{"name":"wp","href":"https:\/\/api.w.org\/{rel}","templated":true}]}}