{"id":292582,"date":"2025-08-03T01:44:18","date_gmt":"2025-08-03T01:44:18","guid":{"rendered":"https:\/\/www.europesays.com\/fr\/292582\/"},"modified":"2025-08-03T01:44:18","modified_gmt":"2025-08-03T01:44:18","slug":"paris-empetre-dans-une-bataille-juridique-le-complexe-sportif-pereire-ferme-provisoirement-ses-portes","status":"publish","type":"post","link":"https:\/\/www.europesays.com\/fr\/292582\/","title":{"rendered":"Paris\u00a0: emp\u00eatr\u00e9 dans une bataille juridique, le complexe sportif Pereire\u00a0ferme provisoirement ses portes"},"content":{"rendered":"<p class=\"paragraph text_align_left lp-f-body-02\">Sous l\u2019apparente tranquillit\u00e9 qui r\u00e8gne sur les courts de tennis Pereire, une temp\u00eate juridique et administrative se joue. Ferm\u00e9 par la Ville de Paris depuis ce mardi 29 juillet, le complexe sportif du <a href=\"https:\/\/www.leparisien.fr\/paris-75\/paris-75017\/\" target=\"_blank\" rel=\"noreferrer nofollow noopener\">XVIIe arrondissement<\/a> est au c\u0153ur d\u2019une bataille pour sa concession de travaux, laissant joueurs et clubs dans l\u2019incertitude.<\/p>\n<p class=\"paragraph text_align_left lp-f-body-02\">La Ville de Paris a repris la gestion du site et ferm\u00e9 les installations \u00e0 la fin de l\u2019Autorisation d\u2019Occupation Temporaire (AOT) confi\u00e9e au <a href=\"https:\/\/www.leparisien.fr\/paris-75\/tennis-a-paris-profs-suspendus-gardiens-ecartes-la-ville-tente-dendiguer-le-marche-noir-des-lecons-02-10-2024-QQJLMVWFNVCEPEYHIFIGXXFVBU.php\" target=\"_blank\" rel=\"noreferrer nofollow noopener\">Comit\u00e9 de Paris<\/a>, une \u00e9manation de la F\u00e9d\u00e9ration fran\u00e7aise de <a href=\"https:\/\/www.leparisien.fr\/sports\/tennis\/\" rel=\"nofollow noopener\" target=\"_blank\">tennis<\/a> (FFT), le 28 juillet. Cette d\u00e9cision est la cons\u00e9quence directe du recours d\u00e9pos\u00e9 le 29 juillet par la soci\u00e9t\u00e9 Paris Tennis, candidate malheureuse \u00e0 l\u2019appel d\u2019offres pour la concession des travaux.<\/p>\n","protected":false},"excerpt":{"rendered":"Sous l\u2019apparente tranquillit\u00e9 qui r\u00e8gne sur les courts de tennis Pereire, une temp\u00eate juridique et administrative se joue.&hellip;\n","protected":false},"author":2,"featured_media":292583,"comment_status":"","ping_status":"","sticky":false,"template":"","format":"standard","meta":{"footnotes":""},"categories":[1888],"tags":[1111,1928,11,1927,1777,674,1011,27,1944,12,1926,626,1925,25,60],"class_list":{"0":"post-292582","1":"post","2":"type-post","3":"status-publish","4":"format-standard","5":"has-post-thumbnail","7":"category-paris","8":"tag-actu","9":"tag-actu-paris","10":"tag-actualites","11":"tag-actualites-paris","12":"tag-eu","13":"tag-europe","14":"tag-fr","15":"tag-france","16":"tag-ma-ville","17":"tag-news","18":"tag-news-paris","19":"tag-paris","20":"tag-paris-news","21":"tag-republique-francaise","22":"tag-sports"},"share_on_mastodon":{"url":"https:\/\/pubeurope.com\/@fr\/114962305245207601","error":""},"_links":{"self":[{"href":"https:\/\/www.europesays.com\/fr\/wp-json\/wp\/v2\/posts\/292582","targetHints":{"allow":["GET"]}}],"collection":[{"href":"https:\/\/www.europesays.com\/fr\/wp-json\/wp\/v2\/posts"}],"about":[{"href":"https:\/\/www.europesays.com\/fr\/wp-json\/wp\/v2\/types\/post"}],"author":[{"embeddable":true,"href":"https:\/\/www.europesays.com\/fr\/wp-json\/wp\/v2\/users\/2"}],"replies":[{"embeddable":true,"href":"https:\/\/www.europesays.com\/fr\/wp-json\/wp\/v2\/comments?post=292582"}],"version-history":[{"count":0,"href":"https:\/\/www.europesays.com\/fr\/wp-json\/wp\/v2\/posts\/292582\/revisions"}],"wp:featuredmedia":[{"embeddable":true,"href":"https:\/\/www.europesays.com\/fr\/wp-json\/wp\/v2\/media\/292583"}],"wp:attachment":[{"href":"https:\/\/www.europesays.com\/fr\/wp-json\/wp\/v2\/media?parent=292582"}],"wp:term":[{"taxonomy":"category","embeddable":true,"href":"https:\/\/www.europesays.com\/fr\/wp-json\/wp\/v2\/categories?post=292582"},{"taxonomy":"post_tag","embeddable":true,"href":"https:\/\/www.europesays.com\/fr\/wp-json\/wp\/v2\/tags?post=292582"}],"curies":[{"name":"wp","href":"https:\/\/api.w.org\/{rel}","templated":true}]}}