{"id":292585,"date":"2025-08-03T01:46:27","date_gmt":"2025-08-03T01:46:27","guid":{"rendered":"https:\/\/www.europesays.com\/fr\/292585\/"},"modified":"2025-08-03T01:46:27","modified_gmt":"2025-08-03T01:46:27","slug":"michele-bernier-devoile-son-restaurant-coup-de-coeur-a-paris-ou-on-peut-manger-pour-25-euros","status":"publish","type":"post","link":"https:\/\/www.europesays.com\/fr\/292585\/","title":{"rendered":"Mich\u00e8le Bernier d\u00e9voile son restaurant coup de c\u0153ur \u00e0 Paris, o\u00f9 on peut manger pour 25 euros !"},"content":{"rendered":"<p>    Mich\u00e8le Bernier \u00e0 la c\u00e9r\u00e9monie d\u2019ouverture du 64\u00e8me Festival de T\u00e9l\u00e9vision de Monte Carlo, au Grimaldi Forum de Monaco, le 13 juin 2025.<br \/>\n                Denis Guignebourg \/ Bestimage<\/p>\n<p class=\"fig-standfirst\">Ce samedi 2 ao\u00fbt, Mich\u00e8le Bernier c\u00e9l\u00e8bre ses 69 ans. En mars dernier, dans l\u2019\u00e9mission La table des bons vivants diffus\u00e9e sur Europe 1, la com\u00e9dienne d\u00e9voilait l\u2019une de ses adresses coup de c\u0153ur dans la capitale. On vous en dit plus\u00a0!<\/p>\n<p class=\"fig-paragraph\">Elle a grandi dans une famille de \u00abcordons-bleus\u00bb. C\u2019est ce que r\u00e9v\u00e9lait Mich\u00e8le Bernier, alors qu\u2019elle \u00e9tait l\u2019invit\u00e9e de l\u2019\u00e9mission La table des bons vivants, diffus\u00e9e sur Europe 1 en mars dernier. Si\u00a0<a href=\"http:\/\/www.gala.fr\/l_actu\/news_de_stars\/michele-bernier-a-du-refuser-l-heritage-de-son-pere-le-professeur-choron-trop-de-dettes-20250419\" data-fig-type=\"Article\" data-gtm-custom-categorie=\"navigation\" data-gtm-custom-action=\"crossclick\" data-gtm-custom-label=\"Contextuel\" data-gtm-event=\"customEventSPE\" data-fig-domain=\"GALA\" target=\"_blank\" rel=\"noopener\">son p\u00e8re le Professeur Choron<\/a>\u00a0se passionnait pour la cuisine asiatique, sa m\u00e8re excellait dans l\u2019art de faire des cr\u00eapes. Un go\u00fbt pour la gourmandise que la com\u00e9dienne, qui f\u00eate ses 69 ans ce samedi 2 ao\u00fbt, a conserv\u00e9 une fois adulte, m\u00eame si elle reconna\u00eet ne pas \u00eatre \u00abune grande cuisini\u00e8re\u00bb comme ses parents. Mais alors, quelles sont<a href=\"http:\/\/www.gala.fr\/lifestyle\/tatiana-silva-devoile-son-restaurant-prefere-a-paris-une-bouffee-d-oxygene-gustative-20250723\" data-fig-type=\"Article\" data-gtm-custom-categorie=\"navigation\" data-gtm-custom-action=\"crossclick\" data-gtm-custom-label=\"Contextuel\" data-gtm-event=\"customEventSPE\" data-fig-domain=\"GALA\" target=\"_blank\" rel=\"noopener\">\u00a0ses adresses pr\u00e9f\u00e9r\u00e9es \u00e0 Paris,<\/a>\u00a0o\u00f9 elle vit\u00a0?<\/p>\n<p class=\"fig-paragraph\">Comme elle l\u2019a confi\u00e9 \u00e0 Laurent Mariotte au moment de cet entretien,\u00a0<a href=\"https:\/\/www.gala.fr\/l_actu\/news_de_stars\/video-michele-bernier-grand-mere-ravie-je-chante-beaucoup-avec-mes-petits-enfants_528267\" data-fig-type=\"Article\" data-gtm-custom-categorie=\"navigation\" data-gtm-custom-action=\"crossclick\" data-gtm-custom-label=\"Contextuel\" data-gtm-event=\"customEventSPE\" data-fig-domain=\"GALA\" target=\"_blank\" rel=\"noopener\">celle qui est grand-m\u00e8re de jumeaux\u00a0<\/a>a r\u00e9cemment jet\u00e9 son d\u00e9volu sur un nouvel \u00e9tablissement, qu\u2019elle a visiblement beaucoup appr\u00e9ci\u00e9, situ\u00e9 dans le 9e arrondissement de la capitale. \u00abJ\u2019ai d\u00e9couvert un endroit l\u2019autre jour que je trouve super\u00a0! Ce n\u2019est pas tr\u00e8s grand, c\u2019est rue Pigalle, pas loin du th\u00e9\u00e2tre, \u00e7a s\u2019appelle Gargouille\u00bb, a-t-elle r\u00e9v\u00e9l\u00e9, pr\u00e9cisant qu\u2019elle avait appr\u00e9ci\u00e9 la carte mais aussi l\u2019ambiance. \u00abC\u2019est un principe de cuisine \u00e0 partager. Je trouve \u00e7a assez sympa. Ce ne sont pas des grandes quantit\u00e9s mais on peut go\u00fbter un poisson, une viande ou un plat v\u00e9g\u00e9 \u00e0 plusieurs. C\u2019est un peu ambiance tapas mais mieux que tapas j\u2019ai trouv\u00e9\u00a0!\u00bb, a-t-elle fait remarquer.<\/p>\n<p>                                    <a class=\"fig-a11y-skip a11y-hidden\" href=\"#fig-a11y-skip-main-inarticle\"><br \/>\n        Passer la publicit\u00e9<br \/>\n    <\/a><\/p>\n<p>Un restaurant convivial et sans chichis<\/p>\n<p class=\"fig-paragraph\">Chez Gargouille, vous l\u2019aurez compris, on est pour une cuisine de partage\u00a0! Chaque semaine, ce restaurant propose un nouveau menu le midi, avec divers accompagnements qui sentent bon la M\u00e9diterran\u00e9e. Comptez 25 euros pour la formule entr\u00e9e &#8211; plat ou plat \u2013 dessert et 28 euros pour la formule compl\u00e8te (entr\u00e9e, plat, dessert, NDLR). Le soir, d\u2019autres plats sont propos\u00e9s \u00e0 la carte, qui sauront ravir vos papilles. On retrouve par exemple une Brick de Tunis, accompagn\u00e9e de c\u00e2pres, citron confit, harissa et yaourt aneth (12 euros), un gaspacho de tomate et p\u00eache, p\u00e9tales de tomates, huile de verveine, granit\u00e9 eau de tomate, poudre d\u2019olive et crumble parmesan (18 euros) ou encore un risotto aux gambas, condiment ail et citron, gingembre, nduja et poutargue (27 euros). Un lieu simple et chaleureux, qui propose des mets gourmands et raffin\u00e9s, que demander de plus\u00a0?<\/p>\n<p class=\"fig-paragraph\">Gargouille\u00a0<br \/>7 rue Jean-Baptiste Pigalle, 75009 Paris\u00a0<br \/>01 48 74 62 27<br \/><a href=\"https:\/\/www.gargouille-restaurant.fr\/la-carte\" target=\"_blank\" rel=\"sponsored noopener\" data-gtm-custom-categorie=\"navigation\" data-gtm-custom-action=\"crossclick\" data-gtm-custom-label=\"Contextuel\" data-gtm-event=\"customEventSPE\">gargouille-restaurant.fr<\/a><\/p>\n","protected":false},"excerpt":{"rendered":"Mich\u00e8le Bernier \u00e0 la c\u00e9r\u00e9monie d\u2019ouverture du 64\u00e8me Festival de T\u00e9l\u00e9vision de Monte Carlo, au Grimaldi Forum de&hellip;\n","protected":false},"author":2,"featured_media":292586,"comment_status":"","ping_status":"","sticky":false,"template":"","format":"standard","meta":{"footnotes":""},"categories":[1888],"tags":[11,3581,5975,1777,674,1011,27,1661,42784,12,626,25,1340],"class_list":{"0":"post-292585","1":"post","2":"type-post","3":"status-publish","4":"format-standard","5":"has-post-thumbnail","7":"category-paris","8":"tag-actualites","9":"tag-anniversaire","10":"tag-decouverte","11":"tag-eu","12":"tag-europe","13":"tag-fr","14":"tag-france","15":"tag-gastronomie","16":"tag-michele-bernier","17":"tag-news","18":"tag-paris","19":"tag-republique-francaise","20":"tag-restaurant"},"share_on_mastodon":{"url":"https:\/\/pubeurope.com\/@fr\/114962312976245416","error":""},"_links":{"self":[{"href":"https:\/\/www.europesays.com\/fr\/wp-json\/wp\/v2\/posts\/292585","targetHints":{"allow":["GET"]}}],"collection":[{"href":"https:\/\/www.europesays.com\/fr\/wp-json\/wp\/v2\/posts"}],"about":[{"href":"https:\/\/www.europesays.com\/fr\/wp-json\/wp\/v2\/types\/post"}],"author":[{"embeddable":true,"href":"https:\/\/www.europesays.com\/fr\/wp-json\/wp\/v2\/users\/2"}],"replies":[{"embeddable":true,"href":"https:\/\/www.europesays.com\/fr\/wp-json\/wp\/v2\/comments?post=292585"}],"version-history":[{"count":0,"href":"https:\/\/www.europesays.com\/fr\/wp-json\/wp\/v2\/posts\/292585\/revisions"}],"wp:featuredmedia":[{"embeddable":true,"href":"https:\/\/www.europesays.com\/fr\/wp-json\/wp\/v2\/media\/292586"}],"wp:attachment":[{"href":"https:\/\/www.europesays.com\/fr\/wp-json\/wp\/v2\/media?parent=292585"}],"wp:term":[{"taxonomy":"category","embeddable":true,"href":"https:\/\/www.europesays.com\/fr\/wp-json\/wp\/v2\/categories?post=292585"},{"taxonomy":"post_tag","embeddable":true,"href":"https:\/\/www.europesays.com\/fr\/wp-json\/wp\/v2\/tags?post=292585"}],"curies":[{"name":"wp","href":"https:\/\/api.w.org\/{rel}","templated":true}]}}