{"id":292587,"date":"2025-08-03T01:47:16","date_gmt":"2025-08-03T01:47:16","guid":{"rendered":"https:\/\/www.europesays.com\/fr\/292587\/"},"modified":"2025-08-03T01:47:16","modified_gmt":"2025-08-03T01:47:16","slug":"nouvelle-montee-des-tensions-entre-les-etats-unis-et-la-russie","status":"publish","type":"post","link":"https:\/\/www.europesays.com\/fr\/292587\/","title":{"rendered":"Nouvelle mont\u00e9e des tensions entre les \u00c9tats-Unis et la Russie"},"content":{"rendered":"<p class=\"PopSlotParagraph qg-tx2 qg-xtra-lh svelte-1r0pyek\">Une nouvelle et brusque mont\u00e9e des tensions a \u00e9clat\u00e9 hier entre les \u00c9tats-Unis et la Russie. Le pr\u00e9sident Donald Trump a ordonn\u00e9 le d\u00e9ploiement de deux sous-marins nucl\u00e9aires dans des zones \u00ab\u00a0appropri\u00e9es\u00a0\u00bb, plus proches de la Russie, a-t-il confirm\u00e9 lui-m\u00eame. Cette d\u00e9cision fait suite \u00e0 un discours jug\u00e9 inappropri\u00e9 de Dmitri Medvedev, ancien pr\u00e9sident russe et actuel num\u00e9ro deux du Conseil de s\u00e9curit\u00e9 du pays.<\/p>\n<p> Les autres titres du journal<\/p>\n<p class=\"PopSlotParagraph qg-tx2 qg-xtra-lh svelte-1r0pyek\"><strong>Une journ\u00e9e de comm\u00e9moration pour les Roms victimes du g\u00e9nocide\u00a0?<\/strong><\/p>\n<p class=\"PopSlotParagraph qg-tx2 qg-xtra-lh svelte-1r0pyek\">Dans la nuit du 2 au 3 ao\u00fbt 1944, ce sont 4\u202f300 personnes qui furent extermin\u00e9es \u00e0 Auschwitz-Birkenau, point culminant d\u2019un g\u00e9nocide encore m\u00e9connu, qui fit plus de 500\u202f000 victimes pendant la Seconde Guerre mondiale \u2014 un crime que l\u2019\u00c9tat fran\u00e7ais n\u2019a toujours pas officiellement reconnu. <strong>L\u2019avocate Anina Ciuciu, engag\u00e9e de longue date sur cette question, appelle la France \u00e0 reconna\u00eetre sa responsabilit\u00e9.<\/strong> Un appel relay\u00e9 par plusieurs \u00e9lus\u00a0: <strong>la d\u00e9put\u00e9e \u00e9cologiste Sandra Regol d\u00e9posera \u00e0 la rentr\u00e9e une proposition de loi transpartisane en ce sens.<\/strong> Un devoir de m\u00e9moire d\u2019autant plus urgent, rappellent les signataires, que les violences racistes visant les communaut\u00e9s tsiganes persistent, comme en t\u00e9moigne le meurtre en f\u00e9vrier 2024 d\u2019une femme rom enceinte en Haute-Savoie, tu\u00e9e d\u2019une balle dans le ventre \u2014 un crime reconnu comme raciste par la justice.<\/p>\n<p class=\"Audio-title qg-st5 svelte-n0q4ie\">Les pr\u00e9cisions de Jeanne Cerin \u00e0 propos de cet appel de descendants de victimes des exterminations de la Seconde Guerre mondiale<\/p>\n<p class=\"Audio-duration qg-tx3 svelte-n0q4ie\">2 min<\/p>\n<p class=\"PopSlotParagraph qg-tx2 qg-xtra-lh svelte-1r0pyek\"><strong>Sur le front ukrainien, l\u2019arm\u00e9e russe progresse<\/strong><\/p>\n<p class=\"PopSlotParagraph qg-tx2 qg-xtra-lh svelte-1r0pyek\">Dans le m\u00eame temps, l\u2019avanc\u00e9e russe en Ukraine se poursuit. Le mois dernier, Moscou aurait conquis environ 500 km\u00b2 de territoire ukrainien \u2014 soit pr\u00e8s de trois fois plus qu\u2019en juillet de l\u2019ann\u00e9e derni\u00e8re. \u00c0 Kiev, les bombardements de cette semaine ont caus\u00e9 la mort de plus de trente personnes.<\/p>\n<p class=\"PopSlotParagraph qg-tx2 qg-xtra-lh svelte-1r0pyek\"><strong>Maigreur inqui\u00e9tante pour les cyclistes<\/strong><\/p>\n<p class=\"PopSlotParagraph qg-tx2 qg-xtra-lh svelte-1r0pyek\">En pleine \u00e9dition du Tour de France femmes, \u00e0 la veille de l\u2019avant-derni\u00e8re \u00e9tape en Savoie, une alerte est lanc\u00e9e sur la maigreur inqui\u00e9tante des cyclistes, femmes et hommes confondus. C\u2019est la Bretonne C\u00e9drine Kerbaol, vainqueure du Tour l\u2019an dernier, qui a bris\u00e9 le tabou cette semaine. Un signal fort, alors que le sujet reste largement pass\u00e9 sous silence dans le peloton.<\/p>\n<p class=\"PopSlotParagraph qg-tx2 qg-xtra-lh svelte-1r0pyek\"><strong>Reportage \u00e0 Goussainville, au pied des pistes de Roissy<\/strong><\/p>\n<p class=\"PopSlotParagraph qg-tx2 qg-xtra-lh svelte-1r0pyek\">C&rsquo;est en partie un village fant\u00f4me dans le Val d&rsquo;Oise, qui\u00a0a perdu les deux tiers de sa population \u00e0 cause du trafic a\u00e9rien. A Roissy-Charles-de-Gaulle, pendant les mois d&rsquo;\u00e9t\u00e9, chaque jour, 1 400 avions d\u00e9collent ou atterrissent.\u00a0Pourtant, le bourg attire toujours. Voici pourquoi\u00a0:<\/p>\n<p class=\"Audio-title qg-st5 svelte-n0q4ie\">Reportage de Caroline F\u00e9lix \u00e0 Goussainville<\/p>\n<p class=\"Audio-duration qg-tx3 svelte-n0q4ie\">3 min<\/p>\n","protected":false},"excerpt":{"rendered":"Une nouvelle et brusque mont\u00e9e des tensions a \u00e9clat\u00e9 hier entre les \u00c9tats-Unis et la Russie. Le pr\u00e9sident&hellip;\n","protected":false},"author":2,"featured_media":292588,"comment_status":"","ping_status":"","sticky":false,"template":"","format":"standard","meta":{"footnotes":""},"categories":[1591],"tags":[11,1887,12,1885,1886,132],"class_list":{"0":"post-292587","1":"post","2":"type-post","3":"status-publish","4":"format-standard","5":"has-post-thumbnail","7":"category-russie","8":"tag-actualites","9":"tag-federation-de-russie","10":"tag-news","11":"tag-russia","12":"tag-russian-federation","13":"tag-russie"},"share_on_mastodon":{"url":"https:\/\/pubeurope.com\/@fr\/114962317574193706","error":""},"_links":{"self":[{"href":"https:\/\/www.europesays.com\/fr\/wp-json\/wp\/v2\/posts\/292587","targetHints":{"allow":["GET"]}}],"collection":[{"href":"https:\/\/www.europesays.com\/fr\/wp-json\/wp\/v2\/posts"}],"about":[{"href":"https:\/\/www.europesays.com\/fr\/wp-json\/wp\/v2\/types\/post"}],"author":[{"embeddable":true,"href":"https:\/\/www.europesays.com\/fr\/wp-json\/wp\/v2\/users\/2"}],"replies":[{"embeddable":true,"href":"https:\/\/www.europesays.com\/fr\/wp-json\/wp\/v2\/comments?post=292587"}],"version-history":[{"count":0,"href":"https:\/\/www.europesays.com\/fr\/wp-json\/wp\/v2\/posts\/292587\/revisions"}],"wp:featuredmedia":[{"embeddable":true,"href":"https:\/\/www.europesays.com\/fr\/wp-json\/wp\/v2\/media\/292588"}],"wp:attachment":[{"href":"https:\/\/www.europesays.com\/fr\/wp-json\/wp\/v2\/media?parent=292587"}],"wp:term":[{"taxonomy":"category","embeddable":true,"href":"https:\/\/www.europesays.com\/fr\/wp-json\/wp\/v2\/categories?post=292587"},{"taxonomy":"post_tag","embeddable":true,"href":"https:\/\/www.europesays.com\/fr\/wp-json\/wp\/v2\/tags?post=292587"}],"curies":[{"name":"wp","href":"https:\/\/api.w.org\/{rel}","templated":true}]}}