{"id":292591,"date":"2025-08-03T01:49:13","date_gmt":"2025-08-03T01:49:13","guid":{"rendered":"https:\/\/www.europesays.com\/fr\/292591\/"},"modified":"2025-08-03T01:49:13","modified_gmt":"2025-08-03T01:49:13","slug":"usa-lex-procureur-special-ayant-poursuivi-trump-vise-par-une-enquete","status":"publish","type":"post","link":"https:\/\/www.europesays.com\/fr\/292591\/","title":{"rendered":"USA: l\u2019ex-procureur sp\u00e9cial ayant poursuivi Trump vis\u00e9 par une enqu\u00eate"},"content":{"rendered":"<p>Publi\u00e93. ao\u00fbt 2025, 02:07<\/p>\n<p>\u00c9tats-Unis: L\u2019ex-procureur sp\u00e9cial ayant poursuivi Trump vis\u00e9 par une enqu\u00eate<\/p>\n<p>Jack Smith est soup\u00e7onn\u00e9 d\u2019avoir viol\u00e9 le Hatch Act, une loi interdisant aux fonctionnaires f\u00e9d\u00e9raux d\u2019agir politiquement en service.<\/p>\n<p><a href=\"https:\/\/www.20min.ch\/fr\/auteurs\/103333179\/agence-france-presse\" class=\"sc-b1f21c84-2 egfiIF\" rel=\"nofollow noopener\" target=\"_blank\"><img decoding=\"async\" alt=\"Agence France-Presse\" src=\"https:\/\/www.europesays.com\/fr\/wp-content\/uploads\/2025\/08\/1754185751_439_09cf394e-d19c-4235-9b46-7e00127afb7f.png\" class=\"sc-b1f21c84-1 iTOvpR\"\/><\/a><img loading=\"lazy\" decoding=\"async\" src=\"https:\/\/www.europesays.com\/fr\/wp-content\/uploads\/2025\/08\/303bf929-b507-41db-98ab-8cf1ec8bdbc9.jpg\" alt=\"Une femme porte un bandeau avec des images du procureur sp\u00e9cial Jack Smith lors d\u2019une audience sur l\u2019ing\u00e9rence \u00e9lectorale de Donald Trump \u00e0 Washington, DC, le 5 septembre 2024.\" title=\"Une femme porte un bandeau avec des images du procureur sp\u00e9cial Jack Smith lors d\u2019une audience sur l\u2019ing\u00e9rence \u00e9lectorale de Donald Trump \u00e0 Washington, DC, le 5 septembre 2024.\"  width=\"1200\" height=\"800\"\/><\/p>\n<p>Une femme porte un bandeau avec des images du procureur sp\u00e9cial Jack Smith lors d\u2019une audience sur l\u2019ing\u00e9rence \u00e9lectorale de Donald Trump \u00e0 Washington, DC, le 5 septembre 2024.<\/p>\n<p>Getty Images via AFP<\/p>\n<p>Une agence am\u00e9ricaine a ouvert une enqu\u00eate sur les agissements de Jack Smith, l\u2019ancien procureur sp\u00e9cial qui avait instruit deux proc\u00e9dures f\u00e9d\u00e9rales contre Donald Trump, ont rapport\u00e9 samedi des m\u00e9dias am\u00e9ricains.<\/p>\n<p>L\u2019Office of Special Counsel (OSC), agence f\u00e9d\u00e9rale charg\u00e9e des questions d\u2019\u00e9thique au sein de l\u2019\u00c9tat f\u00e9d\u00e9ral, a indiqu\u00e9 au \u00abNew York Times\u00bb qu\u2019il \u00e9tudiait une possible violation de la part de Jack Smith du Hatch Act, qui interdit aux fonctionnaires de mener des activit\u00e9s politiques.<\/p>\n<p>Selon des m\u00e9dias, l\u2019OSC avait \u00e9t\u00e9 saisie par le s\u00e9nateur r\u00e9publicain Tom Cotton, un proche du pr\u00e9sident, afin de d\u00e9terminer si les actions de Jack Smith visaient \u00e0 influer la pr\u00e9sidentielle de 2024 remport\u00e9e par Donald Trump. Contact\u00e9e par l\u2019AFP, l\u2019agence n\u2019a pas donn\u00e9 suite en l\u2019\u00e9tat.<\/p>\n<p>Cible privil\u00e9gi\u00e9e de Trump<\/p>\n<p>Le milliardaire r\u00e9publicain a fait de Jack Smith une cible privil\u00e9gi\u00e9e de ses attaques ad hominem. Ce dernier avait \u00e9t\u00e9 nomm\u00e9 en 2022, sous le d\u00e9mocrate Joe Biden, procureur sp\u00e9cial et avait lanc\u00e9 des poursuites f\u00e9d\u00e9rales contre Donald Trump pour tentatives ill\u00e9gales d\u2019inverser les r\u00e9sultats de l\u2019\u00e9lection de 2020 et pour r\u00e9tention de documents classifi\u00e9s apr\u00e8s son d\u00e9part de la Maison-Blanche.<\/p>\n<p>Les poursuites avaient \u00e9t\u00e9 abandonn\u00e9es \u00e0 la suite de la derni\u00e8re \u00e9lection en vertu de la tradition consistant \u00e0 ne pas poursuivre un pr\u00e9sident en exercice. Il avait ensuite d\u00e9missionn\u00e9 du minist\u00e8re de la Justice.<\/p>\n<p>Il a en revanche transmis en janvier son rapport, qui concluait que Donald Trump aurait \u00e9t\u00e9 condamn\u00e9 pour tentatives illicites d\u2019inverser les r\u00e9sultats du scrutin pr\u00e9sidentiel de 2020 s\u2019il n\u2019avait pas \u00e9t\u00e9 r\u00e9\u00e9lu.<\/p>\n<p>Une proc\u00e9dure de plus<\/p>\n<p>L\u2019OSC ne peut pas lancer de poursuites p\u00e9nales mais peut transmettre ses conclusions au minist\u00e8re de la Justice qui est comp\u00e9tent pour le faire. L\u2019agence elle-m\u00eame peut simplement ordonner un licenciement ce qui n\u2019aurait aucun effet puisque Jack Smith est d\u00e9j\u00e0 parti.<\/p>\n<p>Cette proc\u00e9dure s\u2019ajoute \u00e0 une s\u00e9rie d\u2019autres visant des personnalit\u00e9s consid\u00e9r\u00e9es comme hostiles par Donald Trump. Parmi les derniers vis\u00e9s figurent l\u2019ancien directeur du FBI James Comey et l\u2019ancien directeur de la CIA John Brennan, tous deux vis\u00e9s par une enqu\u00eate polici\u00e8re.<\/p>\n","protected":false},"excerpt":{"rendered":"Publi\u00e93. ao\u00fbt 2025, 02:07 \u00c9tats-Unis: L\u2019ex-procureur sp\u00e9cial ayant poursuivi Trump vis\u00e9 par une enqu\u00eate Jack Smith est soup\u00e7onn\u00e9&hellip;\n","protected":false},"author":2,"featured_media":292592,"comment_status":"","ping_status":"","sticky":false,"template":"","format":"standard","meta":{"footnotes":""},"categories":[1589],"tags":[11,73,1866,12,1864,1865,1863,308],"class_list":{"0":"post-292591","1":"post","2":"type-post","3":"status-publish","4":"format-standard","5":"has-post-thumbnail","7":"category-etats-unis","8":"tag-actualites","9":"tag-etats-unis","10":"tag-etats-unis-damerique","11":"tag-news","12":"tag-united-states","13":"tag-united-states-of-america","14":"tag-us","15":"tag-usa"},"share_on_mastodon":{"url":"https:\/\/pubeurope.com\/@fr\/114962324735060090","error":""},"_links":{"self":[{"href":"https:\/\/www.europesays.com\/fr\/wp-json\/wp\/v2\/posts\/292591","targetHints":{"allow":["GET"]}}],"collection":[{"href":"https:\/\/www.europesays.com\/fr\/wp-json\/wp\/v2\/posts"}],"about":[{"href":"https:\/\/www.europesays.com\/fr\/wp-json\/wp\/v2\/types\/post"}],"author":[{"embeddable":true,"href":"https:\/\/www.europesays.com\/fr\/wp-json\/wp\/v2\/users\/2"}],"replies":[{"embeddable":true,"href":"https:\/\/www.europesays.com\/fr\/wp-json\/wp\/v2\/comments?post=292591"}],"version-history":[{"count":0,"href":"https:\/\/www.europesays.com\/fr\/wp-json\/wp\/v2\/posts\/292591\/revisions"}],"wp:featuredmedia":[{"embeddable":true,"href":"https:\/\/www.europesays.com\/fr\/wp-json\/wp\/v2\/media\/292592"}],"wp:attachment":[{"href":"https:\/\/www.europesays.com\/fr\/wp-json\/wp\/v2\/media?parent=292591"}],"wp:term":[{"taxonomy":"category","embeddable":true,"href":"https:\/\/www.europesays.com\/fr\/wp-json\/wp\/v2\/categories?post=292591"},{"taxonomy":"post_tag","embeddable":true,"href":"https:\/\/www.europesays.com\/fr\/wp-json\/wp\/v2\/tags?post=292591"}],"curies":[{"name":"wp","href":"https:\/\/api.w.org\/{rel}","templated":true}]}}