{"id":292593,"date":"2025-08-03T01:51:10","date_gmt":"2025-08-03T01:51:10","guid":{"rendered":"https:\/\/www.europesays.com\/fr\/292593\/"},"modified":"2025-08-03T01:51:10","modified_gmt":"2025-08-03T01:51:10","slug":"au-royaume-uni-un-homme-inculpe-pour-avoir-empoisonne-des-enfants-avec-des-bonbons-aux-sedatifs","status":"publish","type":"post","link":"https:\/\/www.europesays.com\/fr\/292593\/","title":{"rendered":"Au Royaume-Uni, un homme inculp\u00e9 pour avoir empoisonn\u00e9 des enfants avec des bonbons aux s\u00e9datifs"},"content":{"rendered":"<p class=\"c-chapo \">\n  Les faits se sont produits dans un camp de vacances situ\u00e9 \u00e0 Stathern, dans le Leicestershire, organis\u00e9 entre le 25 et le 29 juillet.\n<\/p>\n<p>            lire plus tard<\/p>\n<p id=\"dialog__title\" class=\"dialog__title\">Pour sauvegarder cet article, connectez-vous ou cr\u00e9ez un compte franceinfo<\/p>\n<p class=\"dialog__description\">Sans paiement. Sans abonnement.<\/p>\n<p>        Fermer la fen\u00eatre d\u2019activation des notifications France Info<\/p>\n<p>            cr\u00e9er votre compte<\/p>\n<p>            se connecter<\/p>\n<p>        Fermer la fen\u00eatre de pr\u00e9sentation<\/p>\n<p>    <img loading=\"lazy\" decoding=\"async\" class=\"signature__image lazyload\" width=\"100\" height=\"100\" data- alt=\"\" src=\"https:\/\/www.europesays.com\/fr\/wp-content\/uploads\/2025\/05\/64a68815cd1a7_placeholder-36b69ec8.png\"\/><\/p>\n<p>    Publi\u00e9 le 02\/08\/2025 15:42<\/p>\n<p>      Mis \u00e0 jour le 02\/08\/2025 16:20<\/p>\n<p>        Temps de lecture : 2min<\/p>\n<p>    <img decoding=\"async\"  alt=\"Une voiture de police stationn\u00e9e \u00e0 Londres (Royaume-Uni), le 3 juillet 2024. (JAKUB PORZYCKI \/ NURPHOTO \/ AFP)\" width=\"432\" height=\"243\" src=\"https:\/\/www.europesays.com\/fr\/wp-content\/uploads\/2025\/08\/075-porzycki-londonda240703-nputa-688e14ae515d3528801934.jpg\" fetchpriority=\"high\"\/><\/p>\n<p>      Une voiture de police stationn\u00e9e \u00e0 Londres (Royaume-Uni), le 3 juillet 2024. (JAKUB PORZYCKI \/ NURPHOTO \/ AFP)<\/p>\n<p>Les enfants \u00ab\u00a0ne se sentaient pas bien\u00a0\u00bb. Un homme de 76 ans a \u00e9t\u00e9 inculp\u00e9 et plac\u00e9 en d\u00e9tention provisoire au Royaume-Uni, samedi 2 ao\u00fbt. Il est soup\u00e7onn\u00e9 d&rsquo;avoir <a href=\"https:\/\/www.franceinfo.fr\/societe\/violences-faites-aux-femmes\/soumission-chimique-un-rapport-parlementaire-porte-par-la-depute-sandrine-josso-fait-50-recommandations-dont-15-prioritaires_7241121.html\" rel=\"nofollow noopener\" target=\"_blank\">empoisonn\u00e9 des enfants avec des bonbons m\u00e9lang\u00e9s \u00e0 des s\u00e9datifs<\/a> dans un camp de vacances du centre de l&rsquo;Angleterre.<\/p>\n<p>L&rsquo;homme, qui r\u00e9side pr\u00e8s de Nottingham, a bri\u00e8vement comparu samedi devant le tribunal de Leicester, o\u00f9 il a \u00e9t\u00e9 \u00e9crou\u00e9 dans l&rsquo;attente d&rsquo;une prochaine audience le 29 ao\u00fbt. Le parquet avait annonc\u00e9 la veille l&rsquo;inculpation de cet homme, pour actes de cruaut\u00e9 envers trois jeunes gar\u00e7ons participant au camp de vacances.<\/p>\n<p>Il aurait utilis\u00e9 pour cela <a href=\"https:\/\/www.franceinfo.fr\/societe\/harcelement-sexuel\/enquete-franceinfo-une-veritable-arme-a-portee-de-main-quand-le-spectre-de-la-soumission-chimique-plane-sur-les-violences-faites-aux-femmes_5963840.html\" rel=\"nofollow noopener\" target=\"_blank\">des bonbons m\u00e9lang\u00e9s \u00e0 des s\u00e9datifs<\/a>, a-t-il \u00e9t\u00e9 d\u00e9clar\u00e9 lors de l&rsquo;audience selon l&rsquo;agence britannique PA. Les faits se sont produits dans un camp de vacances situ\u00e9 \u00e0 Stathern, dans le Leicestershire, organis\u00e9 entre le 25 et le 29 juillet. La police locale a dit avoir \u00e9t\u00e9 inform\u00e9e dimanche que plusieurs enfants h\u00e9berg\u00e9s au Stathern Lodge, une ancienne ferme r\u00e9nov\u00e9e, \u00ab\u00a0ne se sentaient pas bien\u00a0\u00bb. Huit enfants, des gar\u00e7ons \u00e2g\u00e9s de 8 \u00e0 11\u00a0ans, et un adulte ont \u00e9t\u00e9 emmen\u00e9s \u00e0 l&rsquo;h\u00f4pital \u00ab\u00a0par pr\u00e9caution\u00a0\u00bb, mais tous ont \u00e9t\u00e9 autoris\u00e9s \u00e0 sortir par la suite, avait-elle d\u00e9clar\u00e9. John Ruben a, lui, \u00e9t\u00e9 arr\u00eat\u00e9 lundi soir dans un pub situ\u00e9 \u00e0 proximit\u00e9.<\/p>\n<p>La police des polices britannique, l&rsquo;IOPC, dit enqu\u00eater sur la mani\u00e8re dont les forces de l&rsquo;ordre locales ont g\u00e9r\u00e9 cet incident : \u00ab\u00a0L&rsquo;enqu\u00eate d\u00e9terminera s&rsquo;il y a eu des manquements.\u00a0\u00bb<\/p>\n<p class=\"related-tags__title\" role=\"heading\" aria-level=\"2\">les mots-cl\u00e9s associ\u00e9s \u00e0 cet article\n    <\/p>\n","protected":false},"excerpt":{"rendered":"Les faits se sont produits dans un camp de vacances situ\u00e9 \u00e0 Stathern, dans le Leicestershire, organis\u00e9 entre&hellip;\n","protected":false},"author":2,"featured_media":292594,"comment_status":"","ping_status":"","sticky":false,"template":"","format":"standard","meta":{"footnotes":""},"categories":[1588],"tags":[11,1777,674,12,473,1853,1851,1850,1852],"class_list":{"0":"post-292593","1":"post","2":"type-post","3":"status-publish","4":"format-standard","5":"has-post-thumbnail","7":"category-royaume-uni","8":"tag-actualites","9":"tag-eu","10":"tag-europe","11":"tag-news","12":"tag-royaume-uni","13":"tag-royaume-uni-de-grande-bretagne-et-dirlande-du-nord","14":"tag-uk","15":"tag-united-kingdom","16":"tag-united-kingdom-of-great-britain-and-northern-ireland"},"share_on_mastodon":{"url":"https:\/\/pubeurope.com\/@fr\/114962332662162831","error":""},"_links":{"self":[{"href":"https:\/\/www.europesays.com\/fr\/wp-json\/wp\/v2\/posts\/292593","targetHints":{"allow":["GET"]}}],"collection":[{"href":"https:\/\/www.europesays.com\/fr\/wp-json\/wp\/v2\/posts"}],"about":[{"href":"https:\/\/www.europesays.com\/fr\/wp-json\/wp\/v2\/types\/post"}],"author":[{"embeddable":true,"href":"https:\/\/www.europesays.com\/fr\/wp-json\/wp\/v2\/users\/2"}],"replies":[{"embeddable":true,"href":"https:\/\/www.europesays.com\/fr\/wp-json\/wp\/v2\/comments?post=292593"}],"version-history":[{"count":0,"href":"https:\/\/www.europesays.com\/fr\/wp-json\/wp\/v2\/posts\/292593\/revisions"}],"wp:featuredmedia":[{"embeddable":true,"href":"https:\/\/www.europesays.com\/fr\/wp-json\/wp\/v2\/media\/292594"}],"wp:attachment":[{"href":"https:\/\/www.europesays.com\/fr\/wp-json\/wp\/v2\/media?parent=292593"}],"wp:term":[{"taxonomy":"category","embeddable":true,"href":"https:\/\/www.europesays.com\/fr\/wp-json\/wp\/v2\/categories?post=292593"},{"taxonomy":"post_tag","embeddable":true,"href":"https:\/\/www.europesays.com\/fr\/wp-json\/wp\/v2\/tags?post=292593"}],"curies":[{"name":"wp","href":"https:\/\/api.w.org\/{rel}","templated":true}]}}