{"id":292595,"date":"2025-08-03T01:52:13","date_gmt":"2025-08-03T01:52:13","guid":{"rendered":"https:\/\/www.europesays.com\/fr\/292595\/"},"modified":"2025-08-03T01:52:13","modified_gmt":"2025-08-03T01:52:13","slug":"la-police-enquete-sur-une-vague-dincendies-sur-des-lignes-ferroviaires-liberation","status":"publish","type":"post","link":"https:\/\/www.europesays.com\/fr\/292595\/","title":{"rendered":"la police enqu\u00eate sur une vague d\u2019incendies sur des lignes ferroviaires \u2013 Lib\u00e9ration"},"content":{"rendered":"<p class=\"sc-ksZaOG ehjQrN text-element\">Au c\u0153ur de l\u2019\u00e9t\u00e9, la police allemande est sur les dents apr\u00e8s une vague d\u2019incendies sur des installations ferroviaires. Un troisi\u00e8me feu criminel pr\u00e9sum\u00e9 depuis le d\u00e9but de la semaine a touch\u00e9 une voie ferr\u00e9e, indique ce samedi 2\u00a0ao\u00fbt la Deutsche Bahn, l\u2019exploitant du r\u00e9seau. Le sinistre est survenu la veille dans l\u2019est de l\u2019Allemagne apr\u00e8s deux cas dans l\u2019ouest du pays qui ont entra\u00een\u00e9 des perturbations.<\/p>\n<p class=\"sc-ksZaOG ehjQrN text-element\">\u00abVendredi soir, un nouvel incendie de c\u00e2bles s\u2019est d\u00e9clar\u00e9 sur une voie ferr\u00e9e\u00bb destin\u00e9e au transport de marchandises, notamment de charbon, \u00e0 Hohenm\u00f6lsen, dans la r\u00e9gion de Saxe-Anhalt, a indiqu\u00e9 l\u2019op\u00e9rateur dans un communiqu\u00e9. \u00abSelon les premiers \u00e9l\u00e9ments des enqu\u00eateurs, cet incendie de c\u00e2bles est \u00e9galement un incendie criminel\u00bb, a affirm\u00e9 Deutsche Bahn.<\/p>\n<p class=\"sc-ksZaOG ehjQrN text-element\">Dans le m\u00eame temps, l\u2019entreprise a indiqu\u00e9 avoir r\u00e9par\u00e9 les c\u00e2bles endommag\u00e9s par deux autres incendies criminels pr\u00e9sum\u00e9s sur la ligne entre D\u00fcsseldorf et Duisbourg, permettant un r\u00e9tablissement du trafic perturb\u00e9 depuis deux jours. \u00abCinq c\u00e2bles d\u2019environ 20 m\u00e8tres chacun\u00bb ont d\u00fb \u00eatre remplac\u00e9s, a-t-elle pr\u00e9cis\u00e9.<\/p>\n<p class=\"sc-ksZaOG ehjQrN text-element\">Le premier des deux incendies, survenu jeudi sur un poste d\u2019aiguillage pr\u00e8s de D\u00fcsseldorf, a engendr\u00e9 d\u2019importantes perturbations du trafic ferroviaire sur des lignes tr\u00e8s fr\u00e9quent\u00e9es du bassin industriel de la Ruhr, reliant par exemple le nord de l\u2019Europe \u00e0 la Suisse. Le second incendie criminel pr\u00e9sum\u00e9 a eu lieu vendredi \u00e0 environ un kilom\u00e8tre du premier.<\/p>\n<p class=\"sc-ksZaOG ehjQrN text-element\">Le premier incendie \u00abressemble \u00e0 du sabotage\u00bb, a d\u00e9clar\u00e9 un porte-parole de la police. Il a \u00e9t\u00e9 revendiqu\u00e9 par un groupe baptis\u00e9 \u00abKommando Angry Birds\u00bb dans une lettre publi\u00e9e sur la plateforme en ligne d\u2019extr\u00eame gauche Indymedia, dont la police a dit v\u00e9rifier l\u2019authenticit\u00e9.<\/p>\n<p class=\"sc-ksZaOG ehjQrN text-element\">\u00abPlusieurs centaines de trains par jour [\u2026] ont \u00e9t\u00e9 affect\u00e9s\u00bb, d\u00e9vi\u00e9s ou supprim\u00e9s, et \u00abdes dizaines de milliers de voyageurs\u00bb ont subi les cons\u00e9quences de ces incendies, a soulign\u00e9 Deutsche Bahn, d\u00e9j\u00e0 confront\u00e9 \u00e0 des \u00e9v\u00e9nements similaires ces derni\u00e8res ann\u00e9es. Le r\u00e9seau ferroviaire allemand a connu d\u2019autres sabotages pr\u00e9sum\u00e9s en octobre\u00a02022 ou en septembre\u00a02023.<\/p>\n","protected":false},"excerpt":{"rendered":"Au c\u0153ur de l\u2019\u00e9t\u00e9, la police allemande est sur les dents apr\u00e8s une vague d\u2019incendies sur des installations&hellip;\n","protected":false},"author":2,"featured_media":292596,"comment_status":"","ping_status":"","sticky":false,"template":"","format":"standard","meta":{"footnotes":""},"categories":[1587],"tags":[11,672,1804,1805,1803,1777,674,1801,12,1802],"class_list":{"0":"post-292595","1":"post","2":"type-post","3":"status-publish","4":"format-standard","5":"has-post-thumbnail","7":"category-allemagne","8":"tag-actualites","9":"tag-allemagne","10":"tag-bundesrepublik-deutschland","11":"tag-de","12":"tag-deutschland","13":"tag-eu","14":"tag-europe","15":"tag-germany","16":"tag-news","17":"tag-republique-federale-dallemagne"},"share_on_mastodon":{"url":"https:\/\/pubeurope.com\/@fr\/114962336521530767","error":""},"_links":{"self":[{"href":"https:\/\/www.europesays.com\/fr\/wp-json\/wp\/v2\/posts\/292595","targetHints":{"allow":["GET"]}}],"collection":[{"href":"https:\/\/www.europesays.com\/fr\/wp-json\/wp\/v2\/posts"}],"about":[{"href":"https:\/\/www.europesays.com\/fr\/wp-json\/wp\/v2\/types\/post"}],"author":[{"embeddable":true,"href":"https:\/\/www.europesays.com\/fr\/wp-json\/wp\/v2\/users\/2"}],"replies":[{"embeddable":true,"href":"https:\/\/www.europesays.com\/fr\/wp-json\/wp\/v2\/comments?post=292595"}],"version-history":[{"count":0,"href":"https:\/\/www.europesays.com\/fr\/wp-json\/wp\/v2\/posts\/292595\/revisions"}],"wp:featuredmedia":[{"embeddable":true,"href":"https:\/\/www.europesays.com\/fr\/wp-json\/wp\/v2\/media\/292596"}],"wp:attachment":[{"href":"https:\/\/www.europesays.com\/fr\/wp-json\/wp\/v2\/media?parent=292595"}],"wp:term":[{"taxonomy":"category","embeddable":true,"href":"https:\/\/www.europesays.com\/fr\/wp-json\/wp\/v2\/categories?post=292595"},{"taxonomy":"post_tag","embeddable":true,"href":"https:\/\/www.europesays.com\/fr\/wp-json\/wp\/v2\/tags?post=292595"}],"curies":[{"name":"wp","href":"https:\/\/api.w.org\/{rel}","templated":true}]}}