{"id":292599,"date":"2025-08-03T01:54:16","date_gmt":"2025-08-03T01:54:16","guid":{"rendered":"https:\/\/www.europesays.com\/fr\/292599\/"},"modified":"2025-08-03T01:54:16","modified_gmt":"2025-08-03T01:54:16","slug":"une-grande-et-belle-fiction-laccord-commercial-entre-lue-et-les-etats-unis-a-t-il-un-sens","status":"publish","type":"post","link":"https:\/\/www.europesays.com\/fr\/292599\/","title":{"rendered":"Une grande et belle fiction\u00a0: l\u2019accord commercial entre l\u2019UE et les \u00c9tats-Unis a-t-il un sens\u00a0?"},"content":{"rendered":"<p style=\"text-align: justify;\"><strong>La c\u00e9l\u00e8bre nouvelle de James\u00a0Thurber La Vie secr\u00e8te de Walter\u00a0Mitty est particuli\u00e8rement pertinente dans le contexte de l\u2019accord commercial entre les \u00c9tats-Unis et l\u2019Union europ\u00e9enne (UE).<\/strong><\/p>\n<p>\u00a0<\/p>\n<p style=\"text-align: justify;\">La Vie secr\u00e8te de Walter\u00a0Mitty est apparue \u00e0 la fin des ann\u00e9es\u00a01930, une d\u00e9cennie marqu\u00e9e par la politique tarifaire de Herbert\u00a0Hoover et par de profondes tensions \u00e9conomiques et g\u00e9opolitiques. Les fantasmes de Walter\u00a0Mitty \u00e9taient provoqu\u00e9s par la r\u00e9alit\u00e9 de sa vie banale et tourment\u00e9e, ce qui parlera aux dirigeants europ\u00e9ens qui r\u00eavent d\u2019un avenir meilleur. De m\u00eame, l\u2019ivresse des fantasmes de Walter\u00a0Mitty trouve son \u00e9quivalent dans les promesses que Donald\u00a0Trump a obtenues de l\u2019UE, \u00e0 savoir acheter et investir des centaines de milliards de dollars dans l\u2019\u00e9nergie.<\/p>\n<p style=\"text-align: justify;\">Une semaine plus tard, les r\u00e9actions \u00e0 l\u2019accord commercial entre les \u00c9tats-Unis et l\u2019UE restent mitig\u00e9es et le v\u00e9ritable \u00ab\u00a0gagnant\u00a0\u00bb est encore inconnu. Cela s\u2019explique peut-\u00eatre par le fait qu\u2019il ne s\u2019agit pas d\u2019un accord commercial au sens classique du terme, du moins au sens des accords commerciaux laborieux auxquels l\u2019UE est habitu\u00e9e, en partie parce qu\u2019une grande partie de l\u2019\u00ab\u00a0accord\u00a0\u00bb repose sur une promesse et aussi parce que les perspectives de l\u2019accord sont assez d\u00e9primantes pour l\u2019Europe.<\/p>\n<p style=\"text-align: justify;\">Au niveau des gros titres, les exportations de l\u2019UE vers les \u00c9tats-Unis seront soumises \u00e0 un droit de douane de 15\u00a0% qui sera pay\u00e9 par le consommateur am\u00e9ricain, un peu comme dans l\u2019accord avec le Japon. Les constructeurs automobiles ne seront pas m\u00e9contents d\u2019un droit de douane de 15\u00a0%. Les droits de douane sur les vins et spiritueux, l\u2019acier et notamment les produits pharmaceutiques n\u2019ont pas encore \u00e9t\u00e9 finalis\u00e9s, mais la confirmation de droits de douane de 15\u00a0% sur les produits pharmaceutiques sera un soulagement, m\u00eame si l\u2019enqu\u00eate sur les exportations de produits pharmaceutiques vers les \u00c9tats-Unis reste un risque r\u00e9siduel. Il est int\u00e9ressant de noter que l\u2019UE a r\u00e9sist\u00e9 aux tentatives d\u2019\u00e9dulcoration de sa r\u00e9glementation num\u00e9rique.<\/p>\n<p style=\"text-align: justify;\">Sur le plan politique, l\u2019UE pr\u00e9sente cet accord comme le meilleur r\u00e9sultat possible dans un contexte g\u00e9opolitique difficile (rappelons que le r\u00e9cent sommet UE-Chine a \u00e9t\u00e9 un \u00e9chec). Si certaines voix se sont \u00e9lev\u00e9es pour exprimer leur d\u00e9ception, notamment celle du Premier ministre fran\u00e7ais Fran\u00e7ois\u00a0Bayrou, celles-ci semblent davantage destin\u00e9es \u00e0 l\u2019opinion publique qu\u2019\u00e0 Bruxelles.<\/p>\n<p style=\"text-align: justify;\">Bien qu\u2019Ursula\u00a0von\u00a0der\u00a0Leyen soit impopulaire aupr\u00e8s des gouvernements de l\u2019UE en raison de la mani\u00e8re singuli\u00e8re dont elle dirige son bureau (qui est peupl\u00e9 de fonctionnaires proches des gouvernements nationaux, comme Alexandre\u00a0Adam, l\u2019un des principaux adjoints de la pr\u00e9sidente de la Commission europ\u00e9enne, qui est un fervent partisan d\u2019Emmanuel\u00a0Macron), il ne semble pas que les grands pays aient \u00e9t\u00e9 \u00e9cart\u00e9s du processus de n\u00e9gociation, et toute tentative d\u2019isoler Ursula\u00a0von\u00a0der\u00a0Leyen pour lui faire porter la responsabilit\u00e9 est indigne.<\/p>\n<p style=\"text-align: justify;\">Toutefois, parmi les professionnels du commerce, il r\u00e8gne encore un certain d\u00e9sespoir face \u00e0 l\u2019aspect humiliant de l\u2019accord, d\u00fb au fait qu\u2019il ne soit pas contraignant \u00e0 bien des \u00e9gards et au risque qu\u2019il ne soit pas d\u00e9finitif, dans le sens o\u00f9 une nouvelle s\u00e9rie de droits de douane pourrait \u00eatre impos\u00e9e ult\u00e9rieurement.<\/p>\n<p style=\"text-align: justify;\">Du c\u00f4t\u00e9 positif pour l\u2019Europe, et pour passer \u00e0 la partie \u00ab\u00a0mittyesque\u00a0\u00bb de l\u2019accord, deux des engagements cl\u00e9s de l\u2019accord (\u00e0 savoir que les entreprises europ\u00e9ennes investissent 600\u00a0milliards de dollars aux \u00c9tats-Unis, en plus d\u2019un engagement \u00e0 acheter des micropuces, et que l\u2019UE s\u2019engage \u00e0 acheter 750\u00a0milliards de dollars d\u2019\u00e9nergie aux \u00c9tats-Unis pendant la pr\u00e9sidence de Donald\u00a0Trump) ne sont pas du tout clairs dans leur mise en \u0153uvre et peuvent facilement \u00eatre contourn\u00e9s. L\u2019engagement d\u2019achat d\u2019\u00e9nergie est notamment irr\u00e9aliste, car il d\u00e9passe les d\u00e9penses \u00e9nerg\u00e9tiques annuelles de l\u2019UE et les entreprises \u00e9nerg\u00e9tiques am\u00e9ricaines n\u2019ont pas la capacit\u00e9 de r\u00e9pondre \u00e0 une demande europ\u00e9enne de 250\u00a0milliards de dollars tout en continuant \u00e0 approvisionner d\u2019autres march\u00e9s.<\/p>\n<p style=\"text-align: justify;\">Plusieurs r\u00e9percussions sont \u00e0 pr\u00e9voir. La premi\u00e8re est que cet accord d\u00e9t\u00e9riore encore les relations transatlantiques, alors que le niveau de confiance entre l\u2019UE et les \u00c9tats-Unis est probablement au plus bas, ce qui a des implications strat\u00e9giques aussi loin que la Russie\/l\u2019Ukraine et le Moyen-Orient. Une autre implication pourrait \u00eatre une d\u00e9saffection des gouvernements et des consommateurs pour les marques am\u00e9ricaines, un effet qui pourrait bien se manifester dans d\u2019autres r\u00e9gions.<\/p>\n<p style=\"text-align: justify;\">Sur les march\u00e9s financiers, le ralentissement de la croissance en Europe maintiendra la pression \u00e0 la baisse sur les taux europ\u00e9ens. Plus important encore, dans un contexte de forte survente du dollar, les d\u00e9cideurs politiques europ\u00e9ens sont d\u00e9sormais incit\u00e9s \u00e0 tout mettre en \u0153uvre pour faire baisser l\u2019euro, ce qui pourrait entra\u00eener un rebond \u00e0 court terme de la paire de devises.<\/p>\n<p style=\"text-align: justify;\">Dans l\u2019ensemble, s\u2019il s\u2019agit d\u2019un accord \u00ab\u00a0d\u00e9finitif\u00a0\u00bb et que la question des droits de douane ne refait pas surface au cours des trois prochaines ann\u00e9es, ce n\u2019est pas un mauvais accord pour les secteurs des semi-conducteurs, de l\u2019automobile et de l\u2019a\u00e9rospatiale en Europe, m\u00eame si l\u2019opinion publique n\u2019y est pas favorable. Les meilleurs aspects de l\u2019accord pour l\u2019Europe sont les promesses fantaisistes d\u2019investissements europ\u00e9ens et d\u2019achats d\u2019\u00e9nergie aux \u00c9tats-Unis. Il s\u2019agit d\u2019un conte de f\u00e9es \u00e0 la Walter\u00a0Mitty auquel les Europ\u00e9ens esp\u00e8rent que Donald\u00a0Trump croira.<\/p>\n<p style=\"text-align: justify;\">Le facteur r\u00e9v\u00e9lateur est que cet accord a d\u00e9sormais vid\u00e9 de toute bonne volont\u00e9 les relations transatlantiques et marque de facto une nouvelle rupture diplomatique de la part du pr\u00e9sident am\u00e9ricain Donald\u00a0Trump. Du point de vue europ\u00e9en, il s\u2019agit d\u2019un nouveau \u00ab\u00a0signal d\u2019alarme\u00a0\u00bb et le mieux que l\u2019on puisse esp\u00e9rer, c\u2019est qu\u2019il acc\u00e9l\u00e8re des projets tels que l\u2019union de l\u2019\u00e9pargne et de l\u2019investissement et \u00ab\u00a0l\u2019autonomie strat\u00e9gique\u00a0\u00bb. Les dirigeants europ\u00e9ens et l\u2019\u00e9lite politique europ\u00e9enne ne cessent d\u2019en parler, mais tant que l\u2019on n\u2019aura pas de preuves tangibles (par exemple, le PIB r\u00e9el allemand est proche de z\u00e9ro depuis cinq ans), ils ne sont que des fantaisistes.<\/p>\n<p>\u00a0<\/p>\n<p style=\"text-align: justify;\">Une contribution de Mike\u00a0O\u2019Sullivan pour Forbes US, traduite par Flora\u00a0Lucas<\/p>\n<p style=\"text-align: justify;\"><strong>\u00c0 lire \u00e9galement\u00a0: <\/strong><a href=\"https:\/\/www.forbes.fr\/politique\/accord-ue-etats-unis-la-classe-politique-francaise-denonce-dune-meme-voix-le-compromis\/\" rel=\"nofollow noopener\" target=\"_blank\">Accord UE-Etats-Unis\u00a0: la classe politique fran\u00e7aise d\u00e9nonce d\u2019une m\u00eame voix le compromis<\/a><\/p>\n","protected":false},"excerpt":{"rendered":"La c\u00e9l\u00e8bre nouvelle de James\u00a0Thurber La Vie secr\u00e8te de Walter\u00a0Mitty est particuli\u00e8rement pertinente dans le contexte de l\u2019accord&hellip;\n","protected":false},"author":2,"featured_media":292600,"comment_status":"","ping_status":"","sticky":false,"template":"","format":"standard","meta":{"footnotes":""},"categories":[1586],"tags":[11,1777,674,1779,1011,27,12,25,1778,364],"class_list":{"0":"post-292599","1":"post","2":"type-post","3":"status-publish","4":"format-standard","5":"has-post-thumbnail","7":"category-europe","8":"tag-actualites","9":"tag-eu","10":"tag-europe","11":"tag-european-union","12":"tag-fr","13":"tag-france","14":"tag-news","15":"tag-republique-francaise","16":"tag-ue","17":"tag-union-europeenne"},"share_on_mastodon":{"url":"https:\/\/pubeurope.com\/@fr\/114962344443110382","error":""},"_links":{"self":[{"href":"https:\/\/www.europesays.com\/fr\/wp-json\/wp\/v2\/posts\/292599","targetHints":{"allow":["GET"]}}],"collection":[{"href":"https:\/\/www.europesays.com\/fr\/wp-json\/wp\/v2\/posts"}],"about":[{"href":"https:\/\/www.europesays.com\/fr\/wp-json\/wp\/v2\/types\/post"}],"author":[{"embeddable":true,"href":"https:\/\/www.europesays.com\/fr\/wp-json\/wp\/v2\/users\/2"}],"replies":[{"embeddable":true,"href":"https:\/\/www.europesays.com\/fr\/wp-json\/wp\/v2\/comments?post=292599"}],"version-history":[{"count":0,"href":"https:\/\/www.europesays.com\/fr\/wp-json\/wp\/v2\/posts\/292599\/revisions"}],"wp:featuredmedia":[{"embeddable":true,"href":"https:\/\/www.europesays.com\/fr\/wp-json\/wp\/v2\/media\/292600"}],"wp:attachment":[{"href":"https:\/\/www.europesays.com\/fr\/wp-json\/wp\/v2\/media?parent=292599"}],"wp:term":[{"taxonomy":"category","embeddable":true,"href":"https:\/\/www.europesays.com\/fr\/wp-json\/wp\/v2\/categories?post=292599"},{"taxonomy":"post_tag","embeddable":true,"href":"https:\/\/www.europesays.com\/fr\/wp-json\/wp\/v2\/tags?post=292599"}],"curies":[{"name":"wp","href":"https:\/\/api.w.org\/{rel}","templated":true}]}}