{"id":292603,"date":"2025-08-03T01:56:18","date_gmt":"2025-08-03T01:56:18","guid":{"rendered":"https:\/\/www.europesays.com\/fr\/292603\/"},"modified":"2025-08-03T01:56:18","modified_gmt":"2025-08-03T01:56:18","slug":"je-suis-nul-absolument-nul","status":"publish","type":"post","link":"https:\/\/www.europesays.com\/fr\/292603\/","title":{"rendered":"Je suis nul, absolument nul"},"content":{"rendered":"<p itemprop=\"description\">\u00c9limin\u00e9 en Q2 pour seulement 15<br \/>\nmilli\u00e8mes, Lewis Hamilton a craqu\u00e9 face \u00e0 la performance \u00e9clatante<br \/>\nde son co\u00e9quipier Charles Leclerc. Accabl\u00e9, le Britannique s\u2019est<br \/>\nlivr\u00e9 \u00e0 une autocritique bouleversante.<\/p>\n<p data-start=\"212\" data-end=\"527\">Lewis Hamilton a v\u00e9cu une<br \/>\nhumiliation inattendue <a href=\"https:\/\/f1i.autojournal.fr\/infos\/resultats-infos\/coup-de-theatre-en-hongrie-charles-leclerc-decroche-la-pole-et-humilie-mclaren\/\" rel=\"nofollow noopener\" target=\"_blank\"><br \/>\nlors des qualifications du Grand Prix de Hongrie 2025<\/a>. Le<br \/>\nBritannique n\u2019a pas r\u00e9ussi \u00e0 passer en Q3, \u00e9chouant pour seulement<br \/>\n15 milli\u00e8mes de seconde. Un choc d\u2019autant plus cruel que son<br \/>\nco\u00e9quipier chez Ferrari, Charles Leclerc, a d\u00e9croch\u00e9 la pole<br \/>\nposition avec brio.<\/p>\n<p data-start=\"529\" data-end=\"767\">La r\u00e9action de Hamilton,<br \/>\ninterrog\u00e9 \u00e0 chaud dans le parc ferm\u00e9 du Hungaroring, a \u00e9t\u00e9 aussi<br \/>\nbrutale que sinc\u00e8re. Le septuple champion du monde ne s\u2019est pas<br \/>\ncherch\u00e9 d\u2019excuse : il s\u2019est effondr\u00e9 verbalement, accabl\u00e9 par sa<br \/>\npropre performance.<\/p>\n<p>\u00ab\u00a0Je sers \u00e0 rien\u00a0\u00bb : Hamilton se<br \/>\nd\u00e9truit en direct<\/p>\n<p data-start=\"823\" data-end=\"996\">Au micro des journalistes,<br \/>\nHamilton n\u2019a pas h\u00e9sit\u00e9 \u00e0 se flageller publiquement. Interrog\u00e9 sur<br \/>\nson message radio o\u00f9 il r\u00e9p\u00e9tait \u00ab\u00a0\u00e0 chaque fois\u00a0\u00bb, il a<br \/>\nlanc\u00e9, sans d\u00e9tour : \u00ab\u00a0C\u2019est moi \u00e0 chaque fois. Je suis nul,<br \/>\nabsolument nul.\u00a0\u00bb<\/p>\n<p data-start=\"1058\" data-end=\"1119\">Refusant d\u2019accuser la voiture<br \/>\nou l\u2019\u00e9quipe, il a poursuivi : \u00ab\u00a0La voiture est en pole, donc le<br \/>\nprobl\u00e8me, c\u2019est clairement moi. Il faudrait peut-\u00eatre que Ferrari<br \/>\nchange de pilote. Je ne sers \u00e0 rien&#8230;\u00a0\u00bb<\/p>\n<p data-start=\"1259\" data-end=\"1331\">Des mots d\u2019une violence rare,<br \/>\nm\u00eame dans un paddock habitu\u00e9 aux tensions.<\/p>\n<p>Aucun souci sur la voiture,<br \/>\nselon lui<\/p>\n<p data-start=\"1376\" data-end=\"1484\">Hamilton a \u00e9galement balay\u00e9<br \/>\ntoute explication technique. Pour lui, la monoplace fonctionnait<br \/>\nparfaitement : \u00ab\u00a0Non, rien n\u2019a chang\u00e9 sur l\u2019\u00e9quilibre de la<br \/>\nvoiture. J\u2019ai juste mal pilot\u00e9, c\u2019est tout.\u00a0\u00bb<\/p>\n<p data-start=\"1579\" data-end=\"1658\">Une analyse sans concession,<br \/>\nqui montre \u00e0 quel point la frustration est grande.<\/p>\n<p data-start=\"1707\" data-end=\"1900\">Peu apr\u00e8s cette sortie<br \/>\npoignante, Hamilton a quitt\u00e9 la zone d\u2019interviews, sans en dire<br \/>\ndavantage. Il devrait revenir sur cet \u00e9pisode \u00e0 froid, mais la<br \/>\nd\u00e9tresse affich\u00e9e en dit d\u00e9j\u00e0 long.<\/p>\n<p data-start=\"1902\" data-end=\"2067\">Ce cri du c\u0153ur, rare et<br \/>\nbrutal, t\u00e9moigne d\u2019un champion en proie au doute, dans une saison<br \/>\no\u00f9 la comparaison avec Charles Leclerc devient de plus en plus<br \/>\ndouloureuse.<\/p>\n<p data-start=\"2069\" data-end=\"2126\" data-is-last-node=\"\" data-is-only-node=\"\">La suite de son week-end en Hongrie sera<br \/>\nscrut\u00e9e de pr\u00e8s\u2026<\/p>\n","protected":false},"excerpt":{"rendered":"\u00c9limin\u00e9 en Q2 pour seulement 15 milli\u00e8mes, Lewis Hamilton a craqu\u00e9 face \u00e0 la performance \u00e9clatante de son&hellip;\n","protected":false},"author":2,"featured_media":292604,"comment_status":"","ping_status":"","sticky":false,"template":"","format":"standard","meta":{"footnotes":""},"categories":[2],"tags":[11,2251,1011,27,43261,1975,12,25],"class_list":{"0":"post-292603","1":"post","2":"type-post","3":"status-publish","4":"format-standard","5":"has-post-thumbnail","7":"category-actualites","8":"tag-actualites","9":"tag-ferrari","10":"tag-fr","11":"tag-france","12":"tag-grand-prix-de-budapest","13":"tag-lewis-hamilton","14":"tag-news","15":"tag-republique-francaise"},"share_on_mastodon":{"url":"https:\/\/pubeurope.com\/@fr\/114962352253510258","error":""},"_links":{"self":[{"href":"https:\/\/www.europesays.com\/fr\/wp-json\/wp\/v2\/posts\/292603","targetHints":{"allow":["GET"]}}],"collection":[{"href":"https:\/\/www.europesays.com\/fr\/wp-json\/wp\/v2\/posts"}],"about":[{"href":"https:\/\/www.europesays.com\/fr\/wp-json\/wp\/v2\/types\/post"}],"author":[{"embeddable":true,"href":"https:\/\/www.europesays.com\/fr\/wp-json\/wp\/v2\/users\/2"}],"replies":[{"embeddable":true,"href":"https:\/\/www.europesays.com\/fr\/wp-json\/wp\/v2\/comments?post=292603"}],"version-history":[{"count":0,"href":"https:\/\/www.europesays.com\/fr\/wp-json\/wp\/v2\/posts\/292603\/revisions"}],"wp:featuredmedia":[{"embeddable":true,"href":"https:\/\/www.europesays.com\/fr\/wp-json\/wp\/v2\/media\/292604"}],"wp:attachment":[{"href":"https:\/\/www.europesays.com\/fr\/wp-json\/wp\/v2\/media?parent=292603"}],"wp:term":[{"taxonomy":"category","embeddable":true,"href":"https:\/\/www.europesays.com\/fr\/wp-json\/wp\/v2\/categories?post=292603"},{"taxonomy":"post_tag","embeddable":true,"href":"https:\/\/www.europesays.com\/fr\/wp-json\/wp\/v2\/tags?post=292603"}],"curies":[{"name":"wp","href":"https:\/\/api.w.org\/{rel}","templated":true}]}}