{"id":292607,"date":"2025-08-03T01:58:10","date_gmt":"2025-08-03T01:58:10","guid":{"rendered":"https:\/\/www.europesays.com\/fr\/292607\/"},"modified":"2025-08-03T01:58:10","modified_gmt":"2025-08-03T01:58:10","slug":"cameron-young-toujours-en-tete-victor-perez-36e-matthieu-pavon-dans-le-dur-lequipe","status":"publish","type":"post","link":"https:\/\/www.europesays.com\/fr\/292607\/","title":{"rendered":"Cameron Young toujours en t\u00eate, Victor Perez 36e, Matthieu Pavon dans le dur &#8211; L&#039;\u00c9quipe"},"content":{"rendered":"<ol>\n<li><a href=\"https:\/\/news.google.com\/rss\/articles\/CBMivgFBVV95cUxQbHZLR0N5NEpfNW0xUjN2QWZZTER0M0lzMUNmem5aazJYdnAwc3BlUzZpdk5Tdkh3angxTHJYemZDVW1mQ3JoRVdBNmlVQlRsc1Y4WHZDVUo2bkJQckhOdktHeUdxbUVaRmFDakhCY1ctT3RJM3JRMnlJUnRJU2s1RHc4R3dLX3dZV2hFMkFfaVk4MlQ2NTc0VV9fb0txTGNsS0VwZXJNeGtqR2p5ZjNoMGl0Tldmcy1PbHN5ZERn?oc=5\" target=\"_blank\" rel=\"nofollow noopener\">Cameron Young toujours en t\u00eate, Victor Perez 36e, Matthieu Pavon dans le dur<\/a>&nbsp;&nbsp;L&rsquo;\u00c9quipe<\/li>\n<li><a href=\"https:\/\/news.google.com\/rss\/articles\/CBMipAFBVV95cUxQQWJmRTlTNXprdHZ4SEl5ZFhzVHRwSHRnV3hWa0pjcVdEVm9DMUdVTjdUdlhkNkM3a1NxN3B0R0hfeDNsbUlscElSWEJiLTVMejFGTjh4OTZhTmk3X2dhQ2ZWQlNTallUQXRCYW5RNjJfbWw3M3B4WFF4aU5nRGlxT0lrZ0FNaURqOVRscDNBNmk4Q1ZZaEhyYjdXdzE0alFtXzlGRg?oc=5\" target=\"_blank\" rel=\"nofollow noopener\">Golf professionnel : Bon d\u00e9marrage pour Pavon et Perez<\/a>&nbsp;&nbsp;F\u00e9d\u00e9ration fran\u00e7aise de golf (ffgolf)<\/li>\n<li><a href=\"https:\/\/news.google.com\/rss\/articles\/CBMihgJBVV95cUxNcmdyaXV4QjRYZWRRVTE1Q2hKYS01X2EyMVZjamFOa0JOYzJORVREbmxId1RMdE9ya3NTT0dSUkc0Y1BHbFp2djk5VnlpNVZTc3hiRWZQRzdIOW5XT3lDaEdJMzNYMGN1VzI1bWIxdGo0WG1pRmVuNWRkUVd4ZkNic2wxWHg4THkySjkzdXdGQVRtV1pSZVY0UUVUOWtVckswMGVpX1JxcEc2dDJGb05JdFJTbm1rVmFvb3kwUjFndWxTVEVBei11MEZRVzBJZ2x1eDlFcy1sYjN0dl95Vk5XdzhOSzNXYmg1VVphU0lwYnVaSjlPUTdaa2VoQWNhVmd2MU9GelZ3?oc=5\" target=\"_blank\" rel=\"nofollow noopener\">Golf. PGA Tour &#8211; Wyndham Championship: L\u2019orage suspens le 2e tour, Pavon et Perez dans les clous<\/a>&nbsp;&nbsp;Ouest-France<\/li>\n<li><a href=\"https:\/\/news.google.com\/rss\/articles\/CBMipAFBVV95cUxPRm1QdmVNSGpXR3NVOXNCOTdjRGU1V3Z5Q25IUm9TYllnSGVIMzVuYWViRjBESHZtSWpaLTVBMTQ5aTN5YXMyeUNSYzRNRHlDOFJJSExmZm94cEFnSDQ2LV83cUdHeXpHU1hyMlNfVlA1Zk5oU2pCdUdGRUNxQmUxb1RRb3dOeEdiNmNyZzh4VG5BczZ0RkNGSDY1WFJ6T2RlZ1p0QQ?oc=5\" target=\"_blank\" rel=\"nofollow noopener\">Les Fran\u00e7ais qualifi\u00e9s pour les Playoffs si\u2026<\/a>&nbsp;&nbsp;Golf Plan\u00e8te<\/li>\n<li><a href=\"https:\/\/news.google.com\/rss\/articles\/CBMiaEFVX3lxTFBwWE11cmVWcWFzWC1NQ1ltSUNWYk9rM2QyUFNscEdKdkFBZkRKd0xOcGd5QUtwT0JXc0dqUDZ4ZFlyMVZuc1pNaHMzRWhKbEZCTm1GdnRfWHZ0d1RwbWNVZl9PeFVyRlY4?oc=5\" target=\"_blank\" rel=\"nofollow noopener\">2e tour<\/a>&nbsp;&nbsp;CANAL+<\/li>\n<\/ol>\n","protected":false},"excerpt":{"rendered":"Cameron Young toujours en t\u00eate, Victor Perez 36e, Matthieu Pavon dans le dur&nbsp;&nbsp;L&rsquo;\u00c9quipe Golf professionnel : Bon d\u00e9marrage&hellip;\n","protected":false},"author":2,"featured_media":292608,"comment_status":"","ping_status":"","sticky":false,"template":"","format":"standard","meta":{"footnotes":""},"categories":[1418],"tags":[1011,27,1472,60],"class_list":{"0":"post-292607","1":"post","2":"type-post","3":"status-publish","4":"format-standard","5":"has-post-thumbnail","7":"category-golf","8":"tag-fr","9":"tag-france","10":"tag-golf","11":"tag-sports"},"share_on_mastodon":{"url":"https:\/\/pubeurope.com\/@fr\/114962360107227723","error":""},"_links":{"self":[{"href":"https:\/\/www.europesays.com\/fr\/wp-json\/wp\/v2\/posts\/292607","targetHints":{"allow":["GET"]}}],"collection":[{"href":"https:\/\/www.europesays.com\/fr\/wp-json\/wp\/v2\/posts"}],"about":[{"href":"https:\/\/www.europesays.com\/fr\/wp-json\/wp\/v2\/types\/post"}],"author":[{"embeddable":true,"href":"https:\/\/www.europesays.com\/fr\/wp-json\/wp\/v2\/users\/2"}],"replies":[{"embeddable":true,"href":"https:\/\/www.europesays.com\/fr\/wp-json\/wp\/v2\/comments?post=292607"}],"version-history":[{"count":0,"href":"https:\/\/www.europesays.com\/fr\/wp-json\/wp\/v2\/posts\/292607\/revisions"}],"wp:featuredmedia":[{"embeddable":true,"href":"https:\/\/www.europesays.com\/fr\/wp-json\/wp\/v2\/media\/292608"}],"wp:attachment":[{"href":"https:\/\/www.europesays.com\/fr\/wp-json\/wp\/v2\/media?parent=292607"}],"wp:term":[{"taxonomy":"category","embeddable":true,"href":"https:\/\/www.europesays.com\/fr\/wp-json\/wp\/v2\/categories?post=292607"},{"taxonomy":"post_tag","embeddable":true,"href":"https:\/\/www.europesays.com\/fr\/wp-json\/wp\/v2\/tags?post=292607"}],"curies":[{"name":"wp","href":"https:\/\/api.w.org\/{rel}","templated":true}]}}