{"id":292609,"date":"2025-08-03T02:01:10","date_gmt":"2025-08-03T02:01:10","guid":{"rendered":"https:\/\/www.europesays.com\/fr\/292609\/"},"modified":"2025-08-03T02:01:10","modified_gmt":"2025-08-03T02:01:10","slug":"resultat-elena-rybakina-dayana-yastremska-lequipe","status":"publish","type":"post","link":"https:\/\/www.europesays.com\/fr\/292609\/","title":{"rendered":"R\u00e9sultat : Elena Rybakina &#8211; Dayana Yastremska &#8211; L&#039;\u00c9quipe"},"content":{"rendered":"<ol>\n<li><a href=\"https:\/\/news.google.com\/rss\/articles\/CBMizwFBVV95cUxQUm9aVm53ZzBZM1NxZ1hodU4wOHlXdHZwQzdmOG9IY0NvRFlGc2diUXJGRnAzZXQyS01yVEItOEF3eHVNR3lILU5nOXZlTHN6anJHQ3g0a3V6bnE2cGhaXzhMcWhMQ2dvcjJPQlpCelcwcHJtb3JXcGgySzVOU3VjQmxoVVlUbVJvMTRpS0tUdGhPZmU3cWZUbzEtWGJxT1V1ci1RYW03cVN5V0lXU1BfRlNEZE9fTFZVRGZxMjRmX0J0QnZKMkRZUjhraF83bms?oc=5\" target=\"_blank\" rel=\"nofollow noopener\">R\u00e9sultat : Elena Rybakina &#8211; Dayana Yastremska<\/a>&nbsp;&nbsp;L&rsquo;\u00c9quipe<\/li>\n<li><a href=\"https:\/\/news.google.com\/rss\/articles\/CBMiugFBVV95cUxPckMtRjNMRHJDanljV05HYnZtRURER0U1V2pLMC1NdmdxV05JaVJHYm44YUFZTFAtV0JQbUR1QVJ1VHRKQ0oyN0lwZHR6ZHdZUTlERHRZQ3lSUUdSNWwwSWM2eXN4cjVJN0drb0pFcEVHU09kN1Q5V0NLMGlXdmJpZ1NpdE9nWl9OZzc4cWVNazlVQTdSSVB6SHRMeU9aNGVLeDNqTVd6cmxfSjhlYkJPQWc0emJOcXpnNkE?oc=5\" target=\"_blank\" rel=\"nofollow noopener\">Omnium Banque Nationale : Elena Rybakina gagne \u00e0 l&rsquo;arrach\u00e9 et rejoint Marta Kostyuk<\/a>&nbsp;&nbsp;RDS<\/li>\n<li><a href=\"https:\/\/news.google.com\/rss\/articles\/CBMimAFBVV95cUxPTW5UWk00Zl92TURUUXNoMVJVYy1OeExOWXF1eWU3aTlFNVJ5ZWVaMzZhTEtqZDBqVGdvbFo4VzdlRnNLVlMybm9TcW4wdmk4c0dRcXpHT1ZYVHJEMV8yajNQdDMtWkFfUkRoRTJKZ1ZXcjhmcFBzdEgwdUZadjNiUTRnNE5wa3NFdVpGYTFwVVhOZUJITFctVg?oc=5\" target=\"_blank\" rel=\"nofollow noopener\">Victoire cors\u00e9e : Rybakina a fait du temps suppl\u00e9mentaire<\/a>&nbsp;&nbsp;QUB radio<\/li>\n<li><a href=\"https:\/\/news.google.com\/rss\/articles\/CBMijgFBVV95cUxOZWxPd1ZleWZwUDdzX1BEX0tOakk4WXAtcE9IY2steDJCdmZhRzVFSXFiX044QjBRMkpjWEdxZ0M1dnAwRGhrd0ZsMlVMWVI0WEF2NFE2alZwRGZZYnNDZnJpaG1meFZXQlpuXzZZSGliYlZQSW9WeGg5c3dmbEFpQ2tKcElyMEFFS05scGRB?oc=5\" target=\"_blank\" rel=\"nofollow noopener\">Pronostic Elena Rybakina Dayana Yastremska GRATUIT &#8211; Montr\u00e9al WTA 1000 National Bank Open 02\/08\/2025<\/a>&nbsp;&nbsp;RueDesJoueurs<\/li>\n<li><a href=\"https:\/\/news.google.com\/rss\/articles\/CBMihwFBVV95cUxOSHlrRzVtX1dOWkJpMkRkWUpYbm12N3hvZ0V5bU11R0dWbUo0dk1TazR1WGZoTVBGMEZYaTZIaVk2WS1iUmZRMUVfTVhwaGdLSTl3VFpoXzFOODA0Y1JmRjctZkhtUjB6bjNhQXFsbm1oUThqZWs1RUQ5WWxuNzZUVVpuN3dNS1U?oc=5\" target=\"_blank\" rel=\"nofollow noopener\">Pronostic Elena Rybakina &#8211; Dayana Yastremska, WTA Omnium Banque Nationale<\/a>&nbsp;&nbsp;SportyTrader<\/li>\n<\/ol>\n","protected":false},"excerpt":{"rendered":"R\u00e9sultat : Elena Rybakina &#8211; Dayana Yastremska&nbsp;&nbsp;L&rsquo;\u00c9quipe Omnium Banque Nationale : Elena Rybakina gagne \u00e0 l&rsquo;arrach\u00e9 et rejoint&hellip;\n","protected":false},"author":2,"featured_media":1983,"comment_status":"","ping_status":"","sticky":false,"template":"","format":"standard","meta":{"footnotes":""},"categories":[1415],"tags":[1011,27,60,1467],"class_list":{"0":"post-292609","1":"post","2":"type-post","3":"status-publish","4":"format-standard","5":"has-post-thumbnail","7":"category-tennis","8":"tag-fr","9":"tag-france","10":"tag-sports","11":"tag-tennis"},"share_on_mastodon":{"url":"https:\/\/pubeurope.com\/@fr\/114962371890429668","error":""},"_links":{"self":[{"href":"https:\/\/www.europesays.com\/fr\/wp-json\/wp\/v2\/posts\/292609","targetHints":{"allow":["GET"]}}],"collection":[{"href":"https:\/\/www.europesays.com\/fr\/wp-json\/wp\/v2\/posts"}],"about":[{"href":"https:\/\/www.europesays.com\/fr\/wp-json\/wp\/v2\/types\/post"}],"author":[{"embeddable":true,"href":"https:\/\/www.europesays.com\/fr\/wp-json\/wp\/v2\/users\/2"}],"replies":[{"embeddable":true,"href":"https:\/\/www.europesays.com\/fr\/wp-json\/wp\/v2\/comments?post=292609"}],"version-history":[{"count":0,"href":"https:\/\/www.europesays.com\/fr\/wp-json\/wp\/v2\/posts\/292609\/revisions"}],"wp:featuredmedia":[{"embeddable":true,"href":"https:\/\/www.europesays.com\/fr\/wp-json\/wp\/v2\/media\/1983"}],"wp:attachment":[{"href":"https:\/\/www.europesays.com\/fr\/wp-json\/wp\/v2\/media?parent=292609"}],"wp:term":[{"taxonomy":"category","embeddable":true,"href":"https:\/\/www.europesays.com\/fr\/wp-json\/wp\/v2\/categories?post=292609"},{"taxonomy":"post_tag","embeddable":true,"href":"https:\/\/www.europesays.com\/fr\/wp-json\/wp\/v2\/tags?post=292609"}],"curies":[{"name":"wp","href":"https:\/\/api.w.org\/{rel}","templated":true}]}}