{"id":292610,"date":"2025-08-03T02:03:11","date_gmt":"2025-08-03T02:03:11","guid":{"rendered":"https:\/\/www.europesays.com\/fr\/292610\/"},"modified":"2025-08-03T02:03:11","modified_gmt":"2025-08-03T02:03:11","slug":"marc-marquez-devoile-sa-grille-ideale-des-legendes-de-motogp","status":"publish","type":"post","link":"https:\/\/www.europesays.com\/fr\/292610\/","title":{"rendered":"Marc M\u00e1rquez d\u00e9voile sa grille id\u00e9ale des l\u00e9gendes de MotoGP"},"content":{"rendered":"<p><img data-lazyloaded=\"1\" width=\"449\" height=\"220\" class=\"attachment-large size-large lazy wp-post-image\" alt=\"Marc M\u00e1rquez en MotoGP\" decoding=\"async\" fetchpriority=\"high\" src=\"https:\/\/www.europesays.com\/fr\/wp-content\/uploads\/2025\/08\/Marc-Marquez-devoile-sa-grille-ideale-des-legendes-de-MotoGP.jpeg\"\/><\/p>\n<p>Photo : MotoGP<\/p>\n<p>La grille id\u00e9ale selon Marc M\u00e1rquez<\/p>\n<p><strong>Marc M\u00e1rquez, leader actuel du championnat du monde de MotoGP et figure embl\u00e9matique de Ducati<\/strong>, a r\u00e9cemment d\u00e9voil\u00e9 sa <strong>s\u00e9lection id\u00e9ale de pilotes et rivaux en MotoGP<\/strong> lors d\u2019une interview accord\u00e9e \u00e0 TNT Sports. Ce choix met en lumi\u00e8re des noms l\u00e9gendaires avec qui il a partag\u00e9 la piste ou qui ont marqu\u00e9 l\u2019histoire du motocyclisme. <strong>Dani Pedrosa, son ancien co\u00e9quipier chez Honda, tr\u00f4ne en t\u00eate de cette liste exclusive<\/strong>. M\u00e1rquez reconna\u00eet sans d\u00e9tour que c\u2019est de lui qu\u2019il a le plus appris durant sa carri\u00e8re en cat\u00e9gorie reine, suivi d\u2019autres champions devenus de v\u00e9ritables ic\u00f4nes du sport.<\/p>\n<p><strong>Le respect de M\u00e1rquez pour Pedrosa ne date pas d\u2019hier.<\/strong> Leur collaboration au sein du team Repsol Honda entre 2013 et 2018 fut une p\u00e9riode formatrice. M\u00eame si M\u00e1rquez a domin\u00e9 les statistiques durant ces ann\u00e9es, il ne cache pas que <strong>le style pr\u00e9cis et technique de Pedrosa a largement influenc\u00e9 sa propre mani\u00e8re de piloter<\/strong>. \u00ab J\u2019ai essay\u00e9 de pilotar comme lui, mais avec plus de force et un brin plus d\u2019agressivit\u00e9 \u00bb, avoue le prodige, illustrant ainsi comment il a su m\u00ealer la finesse de son mentor avec son \u00e9nergie combative.<\/p>\n<p>La s\u00e9lection de M\u00e1rquez ne s\u2019arr\u00eate pas l\u00e0. Son \u00e9quipe r\u00eav\u00e9e comprend \u00e9galement <strong>Jorge Lorenzo, Valentino Rossi, Casey Stoner et Mick Doohan<\/strong>. Parmi eux, seul Lorenzo est parvenu \u00e0 lui ravir un titre en conditions \u00e9gales : celui de 2015, une saison qui a divis\u00e9 les passions. Ensemble, ils s\u2019\u00e9taient aussi affront\u00e9s en 2013, ann\u00e9e o\u00f9 M\u00e1rquez avait remport\u00e9 son premier championnat, encore rookie dans la cat\u00e9gorie. Sa rivalit\u00e9 avec Rossi, elle, fut intense et ponctu\u00e9e d\u2019accrochages m\u00e9morables sur la piste, notamment \u00e0 Misano en 2014, en Argentine en 2015, ou \u00e0 Barcelone en 2016, sans toutefois jamais aboutir \u00e0 une lutte directe pour le titre.<\/p>\n<p>Et si\u2026 ?<\/p>\n<p>M\u00e1rquez s\u2019est \u00e9galement pr\u00eat\u00e9 \u00e0 l\u2019exercice passionnant des hypoth\u00e8ses : que serait-il advenu s\u2019il avait pu courir aux c\u00f4t\u00e9s de Casey Stoner ? Ce dernier, champion au style tout aussi agressif, a raccroch\u00e9 pr\u00e9matur\u00e9ment les gants fin 2012, au moment o\u00f9 Honda envisageait de l\u2019associer au jeune prodige alors en Moto2. Ce duo manqu\u00e9 reste l\u2019un des \u00ab et si \u00bb les plus fascinants du MotoGP r\u00e9cent. Stoner, malgr\u00e9 ses deux titres mondiaux (2007 et 2011) et 38 victoires, n\u2019a jamais vu son talent compl\u00e8tement traduit en palmar\u00e8s.<\/p>\n<p>Le parall\u00e8le avec Mick Doohan est tout aussi \u00e9vocateur. Le champion australien a domin\u00e9 Honda et le championnat en raflant cinq titres cons\u00e9cutifs, un exploit que M\u00e1rquez n\u2019a pas encore atteint et qui semble pour l\u2019instant hors de port\u00e9e. Tous deux ont vu leur carri\u00e8re freiner par des blessures graves : celles qui ont mis fin \u00e0 la carri\u00e8re de Doohan ont, pour le moment, seulement rendu M\u00e1rquez plus mature et d\u00e9termin\u00e9. Avec 70 victoires en cat\u00e9gorie reine, et se rapprochant des records de Valentino Rossi, M\u00e1rquez continue d\u2019\u00e9crire son histoire. Son hommage aux pilotes qui ont fa\u00e7onn\u00e9 son parcours n\u2019est pas seulement un retour historique, mais un hommage vibrant \u00e0 ces figures qui nourrissent encore sa soif de victoire.<\/p>\n<p>Points \u00e0 retenir<\/p>\n<ul>\n<li>Marc M\u00e1rquez place Dani Pedrosa au sommet de sa liste, r\u00e9v\u00e9lant combien la pr\u00e9cision technique prime parfois sur la fougue.<\/li>\n<li>Les rivalit\u00e9s intenses en MotoGP ne se traduisent pas toujours en conqu\u00eate de titres, mais restent grav\u00e9es dans les m\u00e9moires.<\/li>\n<li>Le \u201cet si\u201d autour d\u2019un duo M\u00e1rquez-Stoner demeure un des grands myst\u00e8res du MotoGP, prouvant que la l\u00e9gende a parfois besoin de ses non-dits.<\/li>\n<li>Mick Doohan, pilier historique, reste une r\u00e9f\u00e9rence incontournable pour juger et comparer les exploits des champions actuels.<\/li>\n<li>Malgr\u00e9 les blessures et les revers, Marc M\u00e1rquez persiste \u00e0 poursuivre des records et \u00e0 entretenir cette fameuse \u00ab faim de gagner \u00bb qui le caract\u00e9rise.<\/li>\n<\/ul>\n<p>Au final, cette grille r\u00eav\u00e9e de pilotes nous rappelle que dans le monde des motards, il ne s\u2019agit pas simplement de chronos et de troph\u00e9es. C\u2019est aussi une histoire de respect, de transmission d\u2019exp\u00e9rience et de petits regrets savoureux sur les rencontres rat\u00e9es. Alors, si demain on voyait enfin M\u00e1rquez, Stoner, et Pedrosa sur la m\u00eame piste, serait-ce pour un remake \u00e9pique ou une nouvelle s\u00e9rie de \u201cet si\u201d ? En attendant, moi, je reste confortablement install\u00e9 avec mon popcorn, car les stories les plus palpitantes ne sont parfois pas celles gagn\u00e9es, mais celles que l\u2019on imagine.<\/p>\n<p class=\"has-white-color has-text-color has-background has-link-color\" style=\"background-color:#b2b2b2;font-size:12px\">Cet article a \u00e9t\u00e9 g\u00e9n\u00e9r\u00e9 gr\u00e2ce \u00e0 l&rsquo;intelligence Artificielle. Chez LesNews, nos r\u00e9dacteurs exploitent l&rsquo;IA pour \u00e9laborer des articles innovants \u00e0 partir de <strong>sources fiables.<\/strong> Si vous rep\u00e9rez une image ou un contenu inappropri\u00e9, merci de nous le signaler via le <a href=\"https:\/\/lesnews.ca\/formulaire-dmca\/\" data-wpel-link=\"internal\" rel=\"nofollow noopener\" target=\"_blank\">formulaire DMCA <\/a>\u2013 nous agirons rapidement pour le corriger. \/ This article has been generated using Artificial Intelligence. At LesNews, our editors leverage AI to craft innovative articles <strong>sourced<\/strong> from <strong>reliable references<\/strong>. If you come across any image or content that appears inappropriate, please notify us through the <a href=\"https:\/\/lesnews.ca\/formulaire-dmca\/\" data-wpel-link=\"internal\" rel=\"nofollow noopener\" target=\"_blank\">DMCA form<\/a> \u2013 we will promptly take action to address it.<\/p>\n<p>  Navigation de l\u2019article<\/p>\n","protected":false},"excerpt":{"rendered":"Photo : MotoGP La grille id\u00e9ale selon Marc M\u00e1rquez Marc M\u00e1rquez, leader actuel du championnat du monde de&hellip;\n","protected":false},"author":2,"featured_media":292611,"comment_status":"","ping_status":"","sticky":false,"template":"","format":"standard","meta":{"footnotes":""},"categories":[1413],"tags":[1011,27,1457,1456,60],"class_list":{"0":"post-292610","1":"post","2":"type-post","3":"status-publish","4":"format-standard","5":"has-post-thumbnail","7":"category-moto","8":"tag-fr","9":"tag-france","10":"tag-moto","11":"tag-motocycle","12":"tag-sports"},"share_on_mastodon":{"url":"https:\/\/pubeurope.com\/@fr\/114962379780562711","error":""},"_links":{"self":[{"href":"https:\/\/www.europesays.com\/fr\/wp-json\/wp\/v2\/posts\/292610","targetHints":{"allow":["GET"]}}],"collection":[{"href":"https:\/\/www.europesays.com\/fr\/wp-json\/wp\/v2\/posts"}],"about":[{"href":"https:\/\/www.europesays.com\/fr\/wp-json\/wp\/v2\/types\/post"}],"author":[{"embeddable":true,"href":"https:\/\/www.europesays.com\/fr\/wp-json\/wp\/v2\/users\/2"}],"replies":[{"embeddable":true,"href":"https:\/\/www.europesays.com\/fr\/wp-json\/wp\/v2\/comments?post=292610"}],"version-history":[{"count":0,"href":"https:\/\/www.europesays.com\/fr\/wp-json\/wp\/v2\/posts\/292610\/revisions"}],"wp:featuredmedia":[{"embeddable":true,"href":"https:\/\/www.europesays.com\/fr\/wp-json\/wp\/v2\/media\/292611"}],"wp:attachment":[{"href":"https:\/\/www.europesays.com\/fr\/wp-json\/wp\/v2\/media?parent=292610"}],"wp:term":[{"taxonomy":"category","embeddable":true,"href":"https:\/\/www.europesays.com\/fr\/wp-json\/wp\/v2\/categories?post=292610"},{"taxonomy":"post_tag","embeddable":true,"href":"https:\/\/www.europesays.com\/fr\/wp-json\/wp\/v2\/tags?post=292610"}],"curies":[{"name":"wp","href":"https:\/\/api.w.org\/{rel}","templated":true}]}}