{"id":292612,"date":"2025-08-03T02:04:20","date_gmt":"2025-08-03T02:04:20","guid":{"rendered":"https:\/\/www.europesays.com\/fr\/292612\/"},"modified":"2025-08-03T02:04:20","modified_gmt":"2025-08-03T02:04:20","slug":"f1-red-bull-le-plan-fou-du-clan-verstappen","status":"publish","type":"post","link":"https:\/\/www.europesays.com\/fr\/292612\/","title":{"rendered":"F1 &#8211; Red Bull : Le plan fou du clan Verstappen !"},"content":{"rendered":"<p>                    Arthur Montagne<br \/>\n                        &#8211;<\/p>\n<p>Journaliste<\/p>\n<p>Affam\u00e9 de sport, il a grandi au son des moteurs de Formule 1 et des exploits de Ronaldinho. Aujourd\u2019hui, diplom\u00e9 d&rsquo;un Master de journalisme de sport, il ne rate plus un Grand Prix de F1 ni un match du PSG, ses deux passions et sp\u00e9cialit\u00e9s<\/p>\n<p class=\"heading\">Ces derni\u00e8res semaines ont \u00e9t\u00e9 tr\u00e8s agit\u00e9es du c\u00f4t\u00e9 de Red Bull qui a officialis\u00e9 le d\u00e9part de Christian Horner avant d&rsquo;acter le fait que Max Verstappen resterait une saison suppl\u00e9mentaire au sein de l&rsquo;\u00e9curie autrichienne. Une situation qui fait dire \u00e0 Martin Brundle que le clan Verstappen a pris la direction de Red Bull.<\/p>\n<p><strong>Red Bull<\/strong> traverse une saison tr\u00e8s compliqu\u00e9e sur le plan sportif, ce qui a conduit \u00e0 l&rsquo;\u00e9viction de <strong>Christian Horner<\/strong>, pourtant patron de l&rsquo;\u00e9quipe depuis plus de 20 ans. Un coup de tonnerre qui aurait pu s&rsquo;accompagner d&rsquo;un second changement majeur puisque <a href=\"https:\/\/le10sport.com\/formule1\/f1-transfert-de-verstappen-tout-est-relance-752788\" rel=\"nofollow noopener\" target=\"_blank\">Max Verstappen<\/a> a longtemps \u00e9t\u00e9 annonc\u00e9 sur le d\u00e9part, avant de finalement confirmer sa pr\u00e9sence au sein de l&rsquo;\u00e9curie en 2026. <strong>Max Verstappen<\/strong> a donc attendu le d\u00e9part de <strong>Christian Horner<\/strong> pour confirmer qu&rsquo;il restait. Et selon <strong>Martin Brundle<\/strong>, cela n&rsquo;a rien d&rsquo;un hasard.<\/p>\n<p>                                            \u00abJos Verstappen comme le directeur de l&rsquo;\u00e9curie Red Bull\u00bb<\/p>\n<p>\u00ab Je pense que depuis Bahre\u00efn l&rsquo;ann\u00e9e derni\u00e8re, je consid\u00e8re presque Jos comme le directeur de l&rsquo;\u00e9curie Red Bull. C&rsquo;est devenu une \u00e9curie \u00e0 un seul pilote et je pense que c&rsquo;est quelque chose qu&rsquo;ils doivent \u00e9galement corriger. Mais il est impossible que la hi\u00e9rarchie autrichienne ait pris cette d\u00e9cision [de licencier Horner sans que le camp Verstappen en soit inform\u00e9]. Les Verstappen auraient \u00e9t\u00e9 d&rsquo;accord avec cela. Ils n&rsquo;auraient pas \u00e9t\u00e9 pris au d\u00e9pourvu. Il est donc impossible que Max quitte l&rsquo;\u00e9quipe \u00e0 cause de cela. Ils s&rsquo;en seraient assur\u00e9s avant de prendre cette d\u00e9cision avec Christian \u00bb, confie-t-il au micro de Sky Sports.<\/p>\n<p>                                            \u00abIl est donc impossible que Max quitte l&rsquo;\u00e9quipe\u00bb<\/p>\n<p><strong>Martin Brundle<\/strong> a \u00e9galement \u00e9t\u00e9 invit\u00e9 \u00e0 juger le choix de nommer <strong>Laurent Meki\u00e8s<\/strong> pour succ\u00e9der \u00e0 <strong>Christian Horner<\/strong> : \u00ab Il sera solide, il sera professionnel. Il conna\u00eet parfaitement le m\u00e9tier. Mais c&rsquo;est ainsi que fonctionne la Formule 1 aujourd&rsquo;hui : les techniciens qui ont jou\u00e9 un r\u00f4le cl\u00e9 dans la Formule 1 par le pass\u00e9 [acc\u00e8dent \u00e0 des postes de direction d&rsquo;\u00e9quipe]. Ils connaissent le succ\u00e8s au sein de l&rsquo;\u00e9quipe. Ils savent ce qui fonctionne, ce qui ne fonctionne pas, comment cela se passe au sein de l&rsquo;\u00e9quipe. Il semble d\u00e9sormais que Helmut Marko soit la personne la plus importante sur place lors d&rsquo;un Grand Prix, quel que soit le week-end \u00bb.<\/p>\n","protected":false},"excerpt":{"rendered":"Arthur Montagne &#8211; Journaliste Affam\u00e9 de sport, il a grandi au son des moteurs de Formule 1 et&hellip;\n","protected":false},"author":2,"featured_media":292613,"comment_status":"","ping_status":"","sticky":false,"template":"","format":"standard","meta":{"footnotes":""},"categories":[1412],"tags":[1451,1452,1453,1454,1455,1011,27,60],"class_list":{"0":"post-292612","1":"post","2":"type-post","3":"status-publish","4":"format-standard","5":"has-post-thumbnail","7":"category-f1","8":"tag-f1","9":"tag-formula-1","10":"tag-formula1","11":"tag-formule-1","12":"tag-formule1","13":"tag-fr","14":"tag-france","15":"tag-sports"},"share_on_mastodon":{"url":"https:\/\/pubeurope.com\/@fr\/114962383770871261","error":""},"_links":{"self":[{"href":"https:\/\/www.europesays.com\/fr\/wp-json\/wp\/v2\/posts\/292612","targetHints":{"allow":["GET"]}}],"collection":[{"href":"https:\/\/www.europesays.com\/fr\/wp-json\/wp\/v2\/posts"}],"about":[{"href":"https:\/\/www.europesays.com\/fr\/wp-json\/wp\/v2\/types\/post"}],"author":[{"embeddable":true,"href":"https:\/\/www.europesays.com\/fr\/wp-json\/wp\/v2\/users\/2"}],"replies":[{"embeddable":true,"href":"https:\/\/www.europesays.com\/fr\/wp-json\/wp\/v2\/comments?post=292612"}],"version-history":[{"count":0,"href":"https:\/\/www.europesays.com\/fr\/wp-json\/wp\/v2\/posts\/292612\/revisions"}],"wp:featuredmedia":[{"embeddable":true,"href":"https:\/\/www.europesays.com\/fr\/wp-json\/wp\/v2\/media\/292613"}],"wp:attachment":[{"href":"https:\/\/www.europesays.com\/fr\/wp-json\/wp\/v2\/media?parent=292612"}],"wp:term":[{"taxonomy":"category","embeddable":true,"href":"https:\/\/www.europesays.com\/fr\/wp-json\/wp\/v2\/categories?post=292612"},{"taxonomy":"post_tag","embeddable":true,"href":"https:\/\/www.europesays.com\/fr\/wp-json\/wp\/v2\/tags?post=292612"}],"curies":[{"name":"wp","href":"https:\/\/api.w.org\/{rel}","templated":true}]}}