{"id":292618,"date":"2025-08-03T02:07:17","date_gmt":"2025-08-03T02:07:17","guid":{"rendered":"https:\/\/www.europesays.com\/fr\/292618\/"},"modified":"2025-08-03T02:07:17","modified_gmt":"2025-08-03T02:07:17","slug":"matt-pokora-pour-lanniversaire-de-leur-rencontre-christina-milian-lui-prepare-une-part-de-gateau-au-chocolat-au-caviar","status":"publish","type":"post","link":"https:\/\/www.europesays.com\/fr\/292618\/","title":{"rendered":"Matt Pokora : Pour l&rsquo;anniversaire de leur rencontre Christina Milian lui pr\u00e9pare une part de g\u00e2teau au chocolat&#8230; au caviar !"},"content":{"rendered":"<p>      R\u00e9sum\u00e9<\/p>\n<p>Christina Milian et Matt Pokora ont c\u00e9l\u00e9br\u00e9 huit ans d&rsquo;amour en France avec un g\u00e2teau chocolat-caviar, partageant plusieurs dates symboliques qui rythment leur vie de famille.<\/p>\n<p>        Sommaire<\/p>\n<p>Et de huit ! Tous les \u00e9t\u00e9s se suivent et se ressemblent pour Christina Milian et Matt Pokora. Chaque d\u00e9but de mois d&rsquo;ao\u00fbt, les deux tourtereaux c\u00e9l\u00e8brent en grandes pompes <a href=\"https:\/\/vsd.fr\/75413-ca-na-pas-marche-christina-milian-passe-aux-aveux-concernant-son-couple-avec-m-pokora\/\" target=\"_blank\" rel=\"noopener\">leur histoire d&rsquo;amour<\/a>, d\u00e9but\u00e9e en plein \u00e9t\u00e9 2017. Et <strong>ce d\u00e9but de mois d&rsquo;ao\u00fbt n&rsquo;a pas d\u00e9rog\u00e9 \u00e0 la coutume<\/strong>. Les deux chanteurs ont f\u00eat\u00e9 leurs huit ann\u00e9es ensemble, en France !<\/p>\n<p>En effet, <a href=\"https:\/\/www.public.fr\/m-pokora-christina-milian-tout-sur-leur-nouvelle-vie-a-paris-et-leurs-adresses-secretes\" target=\"_blank\" rel=\"noopener\">exit les Etats-Unis<\/a>, Christina Milian, en ma\u00eetresse de c\u00e9r\u00e9monie, <strong>a choisi le cadre de Ramatuelle pour c\u00e9l\u00e9brer ses huit ans d&rsquo;amour<\/strong>. Sur Instagram, la chanteuse et actrice, qui a rejoint il y a quelques mois le casting de Dexter : Original Sin, a partag\u00e9 plusieurs photos de leur soir\u00e9e dans un restaurant prestigieux. Sur l&rsquo;un d&rsquo;eux, Christina n&rsquo;h\u00e9site pas \u00e0 partager <strong>le g\u00e2teau chocolat-caviar<\/strong> qu&rsquo;ils se sont offert&#8230;<\/p>\n<p>En effet, le dessert au chocolat qu&rsquo;ils ont command\u00e9 \u00e9tait rehauss\u00e9 <strong>d&rsquo;une cuill\u00e8re remplie de caviar<\/strong>. Tous deux ont souffl\u00e9 leur bougie ensemble, et ont c\u00e9l\u00e9br\u00e9 leur amour. \u00ab\u00a0Il y a 8\u00a0ans, nous nous sommes rencontr\u00e9s et, pour une raison que j\u2019ignore, <strong>cette date est pour moi la plus importante de toutes<\/strong>\u00a0\u00bb a ainsi d\u00e9clar\u00e9 Christina Milian.<\/p>\n<p>Christina Milian et Matt Pokora unis par des dates symboliques<\/p>\n<p><strong>Plusieurs dates sont ch\u00e8res \u00e0 Christina Milian et Matt Pokora<\/strong>. Si le 1er ao\u00fbt r\u00e9sonne beaucoup pour le couple, le 26 septembre est aussi une date cl\u00e9 puisque les deux tourtereaux sont n\u00e9s le m\u00eame jour ! Si Christina c\u00e9l\u00e8brera ses 44 ans \u00e0 l&rsquo;automne prochain, Matt Pokora, lui, aura 40 ans.<\/p>\n<p>Au rang des autres dates symboliques, <strong>celle du 20 janvier<\/strong>, date de naissance de <a href=\"https:\/\/www.public.fr\/matt-pokora-ses-confidences-touchantes-sur-son-fils-isaiah\" target=\"_blank\" rel=\"noopener\">leur premier enfant Isaiah<\/a>, qui f\u00eatera ses six ans dans quelques mois. Le 24 avril est aussi une date cl\u00e9 dans leur couple, puisqu&rsquo;il s&rsquo;agit de la naissance de<strong> leur second enfant, Kenna<\/strong>, \u00e2g\u00e9 de quatre ans. Enfin, le 26 f\u00e9vrier est \u00e9videmment une date importante pour Matt Pokora puisqu&rsquo;il s&rsquo;agit de l&rsquo;anniversaire de sa belle-fille, <a href=\"https:\/\/www.public.fr\/diaporamas\/photos-quand-m-pokora-rencontre-violet-madison-la-fille-de-christina-milian\" target=\"_blank\" rel=\"noopener\">Violet Madison<\/a>, avec laquelle il a une relation fusionnelle.<\/p>\n<p>      Mentionn\u00e9s dans cet article<\/p>\n<p>      Sur le m\u00eame sujet<\/p>\n","protected":false},"excerpt":{"rendered":"R\u00e9sum\u00e9 Christina Milian et Matt Pokora ont c\u00e9l\u00e9br\u00e9 huit ans d&rsquo;amour en France avec un g\u00e2teau chocolat-caviar, partageant&hellip;\n","protected":false},"author":2,"featured_media":292619,"comment_status":"","ping_status":"","sticky":false,"template":"","format":"standard","meta":{"footnotes":""},"categories":[1359],"tags":[1376,1261,37239,58,59,1011,27,2425,10824,973],"class_list":{"0":"post-292618","1":"post","2":"type-post","3":"status-publish","4":"format-standard","5":"has-post-thumbnail","7":"category-people","8":"tag-amour","9":"tag-argent","10":"tag-christina-milian","11":"tag-divertissement","12":"tag-entertainment","13":"tag-fr","14":"tag-france","15":"tag-luxe","16":"tag-m-pokora","17":"tag-people"},"share_on_mastodon":{"url":"https:\/\/pubeurope.com\/@fr\/114962395484477900","error":""},"_links":{"self":[{"href":"https:\/\/www.europesays.com\/fr\/wp-json\/wp\/v2\/posts\/292618","targetHints":{"allow":["GET"]}}],"collection":[{"href":"https:\/\/www.europesays.com\/fr\/wp-json\/wp\/v2\/posts"}],"about":[{"href":"https:\/\/www.europesays.com\/fr\/wp-json\/wp\/v2\/types\/post"}],"author":[{"embeddable":true,"href":"https:\/\/www.europesays.com\/fr\/wp-json\/wp\/v2\/users\/2"}],"replies":[{"embeddable":true,"href":"https:\/\/www.europesays.com\/fr\/wp-json\/wp\/v2\/comments?post=292618"}],"version-history":[{"count":0,"href":"https:\/\/www.europesays.com\/fr\/wp-json\/wp\/v2\/posts\/292618\/revisions"}],"wp:featuredmedia":[{"embeddable":true,"href":"https:\/\/www.europesays.com\/fr\/wp-json\/wp\/v2\/media\/292619"}],"wp:attachment":[{"href":"https:\/\/www.europesays.com\/fr\/wp-json\/wp\/v2\/media?parent=292618"}],"wp:term":[{"taxonomy":"category","embeddable":true,"href":"https:\/\/www.europesays.com\/fr\/wp-json\/wp\/v2\/categories?post=292618"},{"taxonomy":"post_tag","embeddable":true,"href":"https:\/\/www.europesays.com\/fr\/wp-json\/wp\/v2\/tags?post=292618"}],"curies":[{"name":"wp","href":"https:\/\/api.w.org\/{rel}","templated":true}]}}