{"id":292620,"date":"2025-08-03T02:09:26","date_gmt":"2025-08-03T02:09:26","guid":{"rendered":"https:\/\/www.europesays.com\/fr\/292620\/"},"modified":"2025-08-03T02:09:26","modified_gmt":"2025-08-03T02:09:26","slug":"naomi-fontaine-et-la-grande-resistance-des-innus","status":"publish","type":"post","link":"https:\/\/www.europesays.com\/fr\/292620\/","title":{"rendered":"Naomi Fontaine et la \u00ab\u00a0grande r\u00e9sistance\u00a0\u00bb des Innus"},"content":{"rendered":"<p>Eka ashate &#8211; Ne flanche pas est le quatri\u00e8me roman de l\u2019auteure innue Naomi Fontaine. Un ouvrage sur l&rsquo;histoire de la nation innue, mais aussi sur sa culture et sa force. Le lancement du livre vendredi au Mus\u00e9e Shaputuan \u00e9tait l&rsquo;occasion de rendre hommage aux a\u00een\u00e9s de la communaut\u00e9, dont certains d&rsquo;entre eux ont aussi contribu\u00e9 au roman.<\/p>\n<p>Un texte de <strong>Laurana Genest<\/strong><\/p>\n<p>Naomi Fontaine souligne que la nation innue a surv\u00e9cu \u00e0 ce qui \u00e9tait peut-\u00eatre insurmontable \u00e0 la base. Pour elle, c&rsquo;est ce qu&rsquo;elle surnomme la grande r\u00e9sistance des Premi\u00e8res Nations.<\/p>\n<blockquote>\n<p class=\"quote\">Y\u2019a rien qui pourra d\u00e9truire ma culture maintenant.<\/p>\n<p>Naomi Fontaine, auteure<\/p><\/blockquote>\n<p>C&rsquo;est dans le quotidien, au sein des foyers et des familles, que la culture innue demeure tenace et forte, soutient l&rsquo;auteure. Cette r\u00e9alit\u00e9, ainsi que l&rsquo;histoire de la m\u00e8re de Naomi Fontaine et celle de la communaut\u00e9 de Uashat mak Mani-utenam sont au c\u0153ur de ce roman.<\/p>\n<p><img decoding=\"async\" src=\"https:\/\/www.europesays.com\/fr\/wp-content\/uploads\/2025\/08\/livre-naomi-fontaine-eka-ashate.jpg\" alt=\"Le livre Eka ashate de Naomi Fontaine.\" title=\"Le livre Eka ashate de Naomi Fontaine.\"\/>  Des copies du livre \u00e9taient disponibles en pr\u00e9vente vendredi au Mus\u00e9e Shaputuan. Photo : Radio-Canada\/\u00c9lia Rousseau <\/p>\n<p>Le roman, publi\u00e9 par la maison d&rsquo;\u00e9dition M\u00e9moire d&rsquo;Encrier, sera disponible en libraire \u00e0 partir du 4\u00a0ao\u00fbt. C&rsquo;est un \u00e9v\u00e9nement qui m&rsquo;a profond\u00e9ment touch\u00e9. Il y a eu trop d&rsquo;\u00e9motions, note l&rsquo;\u00e9diteur chez M\u00e9moire d&rsquo;Encrier, Rodney Saint-\u00c9loi.<\/p>\n<p>Une transmission interg\u00e9n\u00e9rationnelle<\/p>\n<p>Transmettre aux g\u00e9n\u00e9rations futures, c&rsquo;est l&rsquo;une des vocations du livre, selon l&rsquo;auteure. M\u00e8re de deux\u00a0enfants, Naomi Fontaine souhaite que ceux-ci sachent que la grande force de la nation innue leur appartient et qu&rsquo;elle se trouve \u00e0 l&rsquo;int\u00e9rieur d&rsquo;eux.<\/p>\n<p>L&rsquo;h\u00e9ritage des mill\u00e9naires de portages, de travail incessant dans la for\u00eat et de survie du peuple innu se retrouve \u00e0 l&rsquo;int\u00e9rieur de chacun de membres de la nation, croit-elle.<\/p>\n<p><img decoding=\"async\" src=\"https:\/\/www.europesays.com\/fr\/wp-content\/uploads\/2025\/08\/raymond-jourdain-aine-innu-uashat.jpg\" alt=\"Raymond Jourdin au Mus\u00e9e Shaputuan\" title=\"Raymond Jourdin au Mus\u00e9e Shaputuan\"\/>  Une dizaine d&rsquo;a\u00een\u00e9s de la communaut\u00e9 innue ont \u00e9t\u00e9 consult\u00e9s pour l&rsquo;\u00e9criture du livre, dont Raymond Jourdain. Photo : Radio-Canada\/Simon Lavictoire <\/p>\n<p>Naomi m\u2019a demand\u00e9 si je pouvais dire quelques mots par rapport au d\u00e9veloppement qu\u2019on vit dans la communaut\u00e9 comme telle, explique Raymond Jourdain, l&rsquo;un des a\u00een\u00e9s figurant dans les pages de Eka ashate &#8211; Ne flanche pas.<\/p>\n<p>Je trouvais \u00e7a important qu\u2019on parle de ces choses-l\u00e0, affirme-t-il. Il conclut que c\u2019est un peu elle en fin de compte qui transmet la culture [de la communaut\u00e9].<\/p>\n<p><img decoding=\"async\" src=\"https:\/\/www.europesays.com\/fr\/wp-content\/uploads\/2025\/08\/1754186966_477_naomi-fontaine-lancement-aines.JPG\" alt=\"Antonio Fontaine, Sylvain Vollant, Raymond Jourdain, Charles Robertson, D\u00e9nis Michel et Marie-Marthe Fontaine et Bastien Michel, Lise Michel et Naomi Fontaine debout posent.\" title=\"Antonio Fontaine, Sylvain Vollant, Raymond Jourdain, Charles Robertson, D\u00e9nis Michel et Marie-Marthe Fontaine et Bastien Michel, Lise Michel et Naomi Fontaine debout posent.\"\/>  Les a\u00een\u00e9s Antonio Fontaine, Sylvain Vollant, Raymond Jourdain, Charles Robertson, D\u00e9nis Michel et Marie-Marthe Fontaine (assis, de gauche \u00e0 droite) et Bastien Michel, Lise Michel (debout au centre) ont tous racont\u00e9 leurs histoires \u00e0 Naomi Fontaine (debout \u00e0 droite). Photo : Radio-Canada\/Shushan Bacon La parole qui s&rsquo;est lib\u00e9r\u00e9e<\/p>\n<p>Au-del\u00e0 de tout le drame des pensionnats, puis du colonialisme qu&rsquo;on a v\u00e9cu, je crois qu&rsquo;on a \u00e9norm\u00e9ment re\u00e7u de nos grands-parents et de nos parents, affirme Naomi Fontaine, qui explique que Eka ashate &#8211; Ne flanche pas est pour rendre hommage et remercier ce qui lui a \u00e9t\u00e9 transmis de ses a\u00een\u00e9s.<\/p>\n<p>\u00c7a nous a affect\u00e9 certainement la colonisation, mais \u00e7a ne nous a pas d\u00e9finis. Il y a d\u2019autres choses qui nous d\u00e9finissent, observe l&rsquo;auteure. Pour elle, le livre est l&rsquo;occasion d&rsquo;explorer l&rsquo;histoire de Uashat mak Mani-utenam, tout en rappelant ce qui a gard\u00e9 la communaut\u00e9 innue soud\u00e9e et vivante au fil des \u00e9poques.<\/p>\n<p>J\u2019aimerais que le regard des autres soit port\u00e9 sur toute la beaut\u00e9 et la grandeur de mon peuple et de ma culture.<\/p>\n<p>Avec les informations d&rsquo;\u00c9lia Rousseau<\/p>\n","protected":false},"excerpt":{"rendered":"Eka ashate &#8211; Ne flanche pas est le quatri\u00e8me roman de l\u2019auteure innue Naomi Fontaine. Un ouvrage sur&hellip;\n","protected":false},"author":2,"featured_media":292621,"comment_status":"","ping_status":"","sticky":false,"template":"","format":"standard","meta":{"footnotes":""},"categories":[1357],"tags":[1379,58,59,1011,27,1380],"class_list":{"0":"post-292620","1":"post","2":"type-post","3":"status-publish","4":"format-standard","5":"has-post-thumbnail","7":"category-livres","8":"tag-books","9":"tag-divertissement","10":"tag-entertainment","11":"tag-fr","12":"tag-france","13":"tag-livres"},"share_on_mastodon":{"url":"https:\/\/pubeurope.com\/@fr\/114962403419283226","error":""},"_links":{"self":[{"href":"https:\/\/www.europesays.com\/fr\/wp-json\/wp\/v2\/posts\/292620","targetHints":{"allow":["GET"]}}],"collection":[{"href":"https:\/\/www.europesays.com\/fr\/wp-json\/wp\/v2\/posts"}],"about":[{"href":"https:\/\/www.europesays.com\/fr\/wp-json\/wp\/v2\/types\/post"}],"author":[{"embeddable":true,"href":"https:\/\/www.europesays.com\/fr\/wp-json\/wp\/v2\/users\/2"}],"replies":[{"embeddable":true,"href":"https:\/\/www.europesays.com\/fr\/wp-json\/wp\/v2\/comments?post=292620"}],"version-history":[{"count":0,"href":"https:\/\/www.europesays.com\/fr\/wp-json\/wp\/v2\/posts\/292620\/revisions"}],"wp:featuredmedia":[{"embeddable":true,"href":"https:\/\/www.europesays.com\/fr\/wp-json\/wp\/v2\/media\/292621"}],"wp:attachment":[{"href":"https:\/\/www.europesays.com\/fr\/wp-json\/wp\/v2\/media?parent=292620"}],"wp:term":[{"taxonomy":"category","embeddable":true,"href":"https:\/\/www.europesays.com\/fr\/wp-json\/wp\/v2\/categories?post=292620"},{"taxonomy":"post_tag","embeddable":true,"href":"https:\/\/www.europesays.com\/fr\/wp-json\/wp\/v2\/tags?post=292620"}],"curies":[{"name":"wp","href":"https:\/\/api.w.org\/{rel}","templated":true}]}}