{"id":292622,"date":"2025-08-03T02:10:26","date_gmt":"2025-08-03T02:10:26","guid":{"rendered":"https:\/\/www.europesays.com\/fr\/292622\/"},"modified":"2025-08-03T02:10:26","modified_gmt":"2025-08-03T02:10:26","slug":"je-navais-jamais-mathieu-ceschin-lamour-est-dans-le-pre-chamboule-par-ses-vacances-au-camping-avec-son-fils-ezio","status":"publish","type":"post","link":"https:\/\/www.europesays.com\/fr\/292622\/","title":{"rendered":"\u00ab\u00a0Je n\u2019avais jamais\u2026\u00a0\u00bb Mathieu Ceschin (L\u2019amour est dans le pr\u00e9) chamboul\u00e9 par ses vacances au camping avec son fils Ezio"},"content":{"rendered":"<p>Pendant son road-trip en compagnie de son fils Ezio, un an, Mathieu Ceschin a gar\u00e9 son camping-car dans un camping d\u2019Ard\u00e8che. De quoi se reposer, mais aussi surprendre l\u2019ancien candidat de L\u2019amour est dans le pr\u00e9, qui a partag\u00e9 un aspect particulier de ses vacances sur Instagram ce samedi 2 ao\u00fbt 2025.<\/p>\n<p>Un r\u00eave pour tous ceux qui vivent une vie \u00e0 grande vitesse ! Depuis quelques jours, l\u2019ancien candidat de l\u2019\u00e9mission <a href=\"https:\/\/www.programme-tv.net\/news\/tv\/384568-ma-vie-est-super-compliquee-christine-lamour-est-dans-le-pre-18-donne-des-nouvelles-apres-des-mois-de-silence-et-elles-ne-sont-pas-tres-bonnes\/\" data-api-deeplink=\"teleloisirs:\/\/news\/384568\" target=\"_blank\" rel=\"noopener\">L\u2019amour est dans le pr\u00e9<\/a> Mathieu Ceschin s&rsquo;est install\u00e9 dans un camping en Ard\u00e8che avec <a href=\"https:\/\/www.programme-tv.net\/news\/people\/384109-mathieu-ceschin-l-amour-est-dans-le-pre-s-explique-sur-le-bapteme-republicain-de-son-fils-ezio-et-devoile-des-images-de-la-journee\/\" data-api-deeplink=\"teleloisirs:\/\/news\/384109\" target=\"_blank\" rel=\"noopener\">son fils Ezio<\/a>. A bord de leur camping-car, le papa solo et son fils de un an ont d\u00e9j\u00e0 sillonn\u00e9 une partie de la France durant leur road-trop estival qui doit durer deux mois. Mais pour cet arr\u00eat en Ard\u00e8che, un d\u00e9tail change, et \u00e7a fait toute la diff\u00e9rence ! \u201cIl n\u2019y a internet que dans les sanitaires\u201d, a expliqu\u00e9 Mathieu Ceschin dans une vid\u00e9o publi\u00e9e en story le vendredi 1er ao\u00fbt, s\u2019extasiant : \u201cQu\u2019est-ce que \u00e7a fait du bien de d\u00e9connecter\u201d. Celui qui partage activement sa vie sur ses r\u00e9seaux sociaux ne fait donc \u201cque le minimum\u201d, comme envoyer des mails dans la journ\u00e9e pendant plus d\u2019une heure, et \u201cc&rsquo;est tout\u201d.<\/p>\n<p>                        \u00ab\u00a0J\u2019avais oubli\u00e9 ce que c\u2019\u00e9tait\u00a0\u00bb : Mathieu Ceschin (L\u2019amour est dans le pr\u00e9) partage un de ses plaisirs de vacances<\/p>\n<p>Un changement qui semble apaiser l\u2019agriculteur : \u201cLe reste du temps je bouquine, je m\u2019occupe de mon fils\u2026 [&#8230;] Je ne me rendais plus compte de ce que c\u2019\u00e9tait de faire un off\u201d, s\u2019est-il amus\u00e9. Le lendemain, ce samedi 2 ao\u00fbt, Mathieu Ceschin a compl\u00e9t\u00e9 ce constat par une deuxi\u00e8me prise de conscience : \u201cJe n\u2019avais jamais v\u00e9cu aussi lentement que depuis que je suis arriv\u00e9 jeudi. Ici tout est lent. [&#8230;] Les gens se disent bonjour, les enfants se disent bonjour\u2026 Les gens vivent cools !\u201d De quoi \u00e9tonner celui qui g\u00e9rait auparavant un \u00e9levage de taureaux. \u201cJ\u2019avais oubli\u00e9 ce que c\u2019\u00e9tait que de vivre lentement\u201d, poursuit-il, avant de confier que la veille, c\u2019est son fils de un an, Ezio, qui l\u2019a r\u00e9veill\u00e9 aux alentours de 10h30.<\/p>\n<p>            Mathieu Ceschin de retour dans L\u2019amour vu du pr\u00e9 avec un bin\u00f4me sp\u00e9cial<\/p>\n<p>Un repos b\u00e9n\u00e9fique pour celui qui a annonc\u00e9 quelques jours plus t\u00f4t qu\u2019il participerait cette ann\u00e9e \u00e0 l\u2019\u00e9mission L\u2019amour vu du pr\u00e9, qui rassemble les anciens candidats de la saison. Il y retrouvera un de ses confr\u00e8res de l\u2019\u00e9mission, <a href=\"https:\/\/www.programme-tv.net\/news\/people\/372422-didier-l-amour-est-dans-le-pre-pret-a-etre-de-nouveau-en-couple-son-appel-pour-trouver-une-femme-bien-sous-tous-rapports\/\" data-api-deeplink=\"teleloisirs:\/\/news\/372422\" target=\"_blank\" rel=\"noopener\">Didier, candidat de la quatorzi\u00e8me saison<\/a>, qui a r\u00e9v\u00e9l\u00e9 l\u2019ann\u00e9e derni\u00e8re \u00eatre \u00e0 nouveau c\u00e9libataire. De quoi ravir les fans de l&rsquo;\u00e9mission de dating consacr\u00e9e aux agriculteurs.<\/p>\n<p>Article \u00e9crit en collaboration avec 6m\u00e9dias.<\/p>\n","protected":false},"excerpt":{"rendered":"Pendant son road-trip en compagnie de son fils Ezio, un an, Mathieu Ceschin a gar\u00e9 son camping-car dans&hellip;\n","protected":false},"author":2,"featured_media":292623,"comment_status":"","ping_status":"","sticky":false,"template":"","format":"standard","meta":{"footnotes":""},"categories":[1356],"tags":[244,58,59,1011,27,7987,252,1364,2528],"class_list":{"0":"post-292622","1":"post","2":"type-post","3":"status-publish","4":"format-standard","5":"has-post-thumbnail","7":"category-television","8":"tag-commentaire","9":"tag-divertissement","10":"tag-entertainment","11":"tag-fr","12":"tag-france","13":"tag-mathieu-lamour-est-dans-le-pru00e9-15","14":"tag-television","15":"tag-tv","16":"tag-vacances"},"share_on_mastodon":{"url":"https:\/\/pubeurope.com\/@fr\/114962407316388895","error":""},"_links":{"self":[{"href":"https:\/\/www.europesays.com\/fr\/wp-json\/wp\/v2\/posts\/292622","targetHints":{"allow":["GET"]}}],"collection":[{"href":"https:\/\/www.europesays.com\/fr\/wp-json\/wp\/v2\/posts"}],"about":[{"href":"https:\/\/www.europesays.com\/fr\/wp-json\/wp\/v2\/types\/post"}],"author":[{"embeddable":true,"href":"https:\/\/www.europesays.com\/fr\/wp-json\/wp\/v2\/users\/2"}],"replies":[{"embeddable":true,"href":"https:\/\/www.europesays.com\/fr\/wp-json\/wp\/v2\/comments?post=292622"}],"version-history":[{"count":0,"href":"https:\/\/www.europesays.com\/fr\/wp-json\/wp\/v2\/posts\/292622\/revisions"}],"wp:featuredmedia":[{"embeddable":true,"href":"https:\/\/www.europesays.com\/fr\/wp-json\/wp\/v2\/media\/292623"}],"wp:attachment":[{"href":"https:\/\/www.europesays.com\/fr\/wp-json\/wp\/v2\/media?parent=292622"}],"wp:term":[{"taxonomy":"category","embeddable":true,"href":"https:\/\/www.europesays.com\/fr\/wp-json\/wp\/v2\/categories?post=292622"},{"taxonomy":"post_tag","embeddable":true,"href":"https:\/\/www.europesays.com\/fr\/wp-json\/wp\/v2\/tags?post=292622"}],"curies":[{"name":"wp","href":"https:\/\/api.w.org\/{rel}","templated":true}]}}