{"id":292624,"date":"2025-08-03T02:11:17","date_gmt":"2025-08-03T02:11:17","guid":{"rendered":"https:\/\/www.europesays.com\/fr\/292624\/"},"modified":"2025-08-03T02:11:17","modified_gmt":"2025-08-03T02:11:17","slug":"mayhem-confirme-etre-en-studio-pour-un-nouvel-album-prevu-entre-fin-2025-et-debut-2026","status":"publish","type":"post","link":"https:\/\/www.europesays.com\/fr\/292624\/","title":{"rendered":"Mayhem confirme \u00eatre en studio pour un nouvel album pr\u00e9vu entre fin 2025 et d\u00e9but 2026"},"content":{"rendered":"<p><strong><a href=\"https:\/\/www.metalzone.fr\/mayhem\/\" rel=\"nofollow noopener\" target=\"_blank\">Mayhem<\/a> est actuellement en studio pour enregistrer son premier album studio depuis Daemon, sorti en 2019, une nouvelle qui confirme l\u2019intensification du processus de cr\u00e9ation d\u00e9j\u00e0 \u00e9voqu\u00e9 ces derniers mois.<\/strong><\/p>\n<p>Un nouveau chapitre six ans apr\u00e8s Daemon<\/p>\n<p>Dans une interview accord\u00e9e au m\u00e9dia polonais <a href=\"https:\/\/patronite.pl\/NoiseMagazine\" target=\"_blank\" rel=\"nofollow noopener\">Noise Magazine<\/a>, le bassiste J\u00f8rn \u201cNecrobutcher\u201d Stubberud a confirm\u00e9 que les musiciens de Mayhem sont en plein enregistrement d\u2019un nouvel album, pr\u00e8s de six ans apr\u00e8s leur derni\u00e8re sortie studio. Il a expliqu\u00e9 : \u201cNous sommes actuellement en studio pour enregistrer un nouvel album, sur lequel nous travaillons depuis plusieurs ann\u00e9es.\u201d<\/p>\n<p>Il justifie cette longue attente par la volont\u00e9 de cr\u00e9er un disque plus abouti : \u201cIl faut du temps pour se d\u00e9tacher du projet pr\u00e9c\u00e9dent et trouver de nouvelles inspirations. Sinon, on risque de simplement r\u00e9p\u00e9ter ce qu\u2019on a d\u00e9j\u00e0 fait.\u201d Un point que Teloch avait d\u00e9j\u00e0 \u00e9voqu\u00e9 d\u00e9but juillet, dans un message sur ses r\u00e9seaux : \u201cJe travaille sur le nouveau Mayhem. Mon cerveau est en compote.\u201d Une d\u00e9claration \u00e0 retrouver <a href=\"https:\/\/www.metalzone.fr\/news\/217015-mayhem-prepare-nouvel-album\/\" target=\"_blank\" rel=\"noopener nofollow\">dans cet article<\/a>.<\/p>\n<p>Des morceaux en gestation depuis des ann\u00e9es<\/p>\n<p>Les d\u00e9mos pr\u00e9sent\u00e9es par Teloch et Ghul comprendraient une vingtaine d\u2019\u00e9bauches. Comme l\u2019avait r\u00e9v\u00e9l\u00e9 Necrobutcher \u00e0 l\u2019automne 2024, certaines de ces compositions \u00e9taient d\u00e9j\u00e0 tr\u00e8s prometteuses \u00e0 cette \u00e9poque.<\/p>\n<p>La sortie du prochain album est attendue d\u2019ici fin 2025 ou d\u00e9but 2026, selon ses propos. Le groupe pr\u00e9voit ensuite une nouvelle tourn\u00e9e mondiale. Ce projet marquera une \u00e9tape importante pour les Norv\u00e9giens, dont la discographie a influenc\u00e9 toute une g\u00e9n\u00e9ration de musiciens extr\u00eames.<\/p>\n","protected":false},"excerpt":{"rendered":"Mayhem est actuellement en studio pour enregistrer son premier album studio depuis Daemon, sorti en 2019, une nouvelle&hellip;\n","protected":false},"author":2,"featured_media":226660,"comment_status":"","ping_status":"","sticky":false,"template":"","format":"standard","meta":{"footnotes":""},"categories":[1355],"tags":[58,59,1011,27,1361,873],"class_list":{"0":"post-292624","1":"post","2":"type-post","3":"status-publish","4":"format-standard","5":"has-post-thumbnail","7":"category-musique","8":"tag-divertissement","9":"tag-entertainment","10":"tag-fr","11":"tag-france","12":"tag-music","13":"tag-musique"},"share_on_mastodon":{"url":"https:\/\/pubeurope.com\/@fr\/114962411282480203","error":""},"_links":{"self":[{"href":"https:\/\/www.europesays.com\/fr\/wp-json\/wp\/v2\/posts\/292624","targetHints":{"allow":["GET"]}}],"collection":[{"href":"https:\/\/www.europesays.com\/fr\/wp-json\/wp\/v2\/posts"}],"about":[{"href":"https:\/\/www.europesays.com\/fr\/wp-json\/wp\/v2\/types\/post"}],"author":[{"embeddable":true,"href":"https:\/\/www.europesays.com\/fr\/wp-json\/wp\/v2\/users\/2"}],"replies":[{"embeddable":true,"href":"https:\/\/www.europesays.com\/fr\/wp-json\/wp\/v2\/comments?post=292624"}],"version-history":[{"count":0,"href":"https:\/\/www.europesays.com\/fr\/wp-json\/wp\/v2\/posts\/292624\/revisions"}],"wp:featuredmedia":[{"embeddable":true,"href":"https:\/\/www.europesays.com\/fr\/wp-json\/wp\/v2\/media\/226660"}],"wp:attachment":[{"href":"https:\/\/www.europesays.com\/fr\/wp-json\/wp\/v2\/media?parent=292624"}],"wp:term":[{"taxonomy":"category","embeddable":true,"href":"https:\/\/www.europesays.com\/fr\/wp-json\/wp\/v2\/categories?post=292624"},{"taxonomy":"post_tag","embeddable":true,"href":"https:\/\/www.europesays.com\/fr\/wp-json\/wp\/v2\/tags?post=292624"}],"curies":[{"name":"wp","href":"https:\/\/api.w.org\/{rel}","templated":true}]}}