{"id":292627,"date":"2025-08-03T02:13:15","date_gmt":"2025-08-03T02:13:15","guid":{"rendered":"https:\/\/www.europesays.com\/fr\/292627\/"},"modified":"2025-08-03T02:13:15","modified_gmt":"2025-08-03T02:13:15","slug":"ce-symptome-sur-le-pied-est-le-signe-dun-coeur-faible","status":"publish","type":"post","link":"https:\/\/www.europesays.com\/fr\/292627\/","title":{"rendered":"ce sympt\u00f4me sur le pied est le signe d&rsquo;un coeur faible"},"content":{"rendered":"<p>Un r\u00e9cent article paru sur le Times of India rappelle quels sont les sympt\u00f4mes qui peuvent indiquer que vous avez un probl\u00e8me cardiovasculaire. \u00ab\u00a0Bien que sa fr\u00e9quence augmente, l\u2019insuffisance cardiaque et ses sympt\u00f4mes restent peu connue de la population. Ainsi <strong>entre 400 000 et 700 000 personnes ignorent en souffrir<\/strong>. Pourtant, il est essentiel de d\u00e9tecter cette maladie au plus t\u00f4t pour pr\u00e9venir son aggravation\u00a0\u00bb, note d&rsquo;ailleurs l&rsquo;Assurance maladie. Comment rep\u00e9rer un probl\u00e8me cardiaque ? Voici cinq indices.<\/p>\n<p>Les cinq principaux sympt\u00f4mes de l&rsquo;insuffisance cardiaque<\/p>\n<p><strong>-Vous sentir essouffl\u00e9<\/strong> : Si vous faites du sport ou un effort intense et que vous \u00eates essouffl\u00e9, c&rsquo;est tout \u00e0 fait normal. Mais si vous vous mettez \u00e0 exp\u00e9rimenter des essoufflements inexpliqu\u00e9s, lors de t\u00e2ches du quotidien, ou en pleine nuit, cela peut \u00eatre le signe que votre coeur dysfonctionne. L&rsquo;Assurance maladie compl\u00e8te : \u00ab\u00a0La dyspn\u00e9e est due \u00e0 une augmentation de la pression du sang dans les vaisseaux pulmonaires, emp\u00eachant le bon fonctionnement des poumons. <strong>Une toux en position allong\u00e9e, survenant surtout la nuit, peut \u00eatre associ\u00e9e<\/strong>. L&rsquo;apparition d&rsquo;un essoufflement en position allong\u00e9e est un sympt\u00f4me d&rsquo;aggravation n\u00e9cessitant une consultation m\u00e9dicale urgente.\u00a0\u00bb <strong>-La fatigue intense<\/strong> et permanente peut \u00eatre un sympt\u00f4me d&rsquo;insuffisance cardiaque. Elle s&rsquo;explique par \u00ab\u00a0un manque d&rsquo;apport d&rsquo;oxyg\u00e8ne et de nutriments aux muscles. Cette fatigue, ressentie pour des efforts de la vie (&#8230;)<a href=\"https:\/\/www.topsante.com\/medecine\/troubles_cardiovasculaires\/5-symptomes-dun-coeur-faible-922356?utm_campaign=partenariat&amp;utm_source=yahoo-articles&amp;utm_medium=flux\" rel=\"nofollow noopener\" target=\"_blank\" data-ylk=\"slk:Lire la suite sur Top Sant\u00e9;elm:context_link;itc:0;sec:content-canvas\" class=\"link \">Lire la suite sur Top Sant\u00e9<\/a><a href=\"https:\/\/www.topsante.com\/forme_bien_etre\/mon-verdict-apres-3-jours-dexperience-sensorielle-a-lhotel-spa-la-cheneaudiere-photos-922837?utm_campaign=partenariat&amp;utm_source=yahoo-articles&amp;utm_medium=flux\" rel=\"nofollow noopener\" target=\"_blank\" data-ylk=\"slk:&quot;Mon verdict apr\u00e8s 3 jours d&#039;exp\u00e9rience sensorielle \u00e0 l&#039;H\u00f4tel Spa La Cheneaudi\u00e8re&quot; (Photos);elm:context_link;itc:0;sec:content-canvas\" class=\"link \">\u00ab\u00a0Mon verdict apr\u00e8s 3 jours d&rsquo;exp\u00e9rience sensorielle \u00e0 l&rsquo;H\u00f4tel Spa La Cheneaudi\u00e8re\u00a0\u00bb (Photos)<\/a><br \/><a href=\"https:\/\/www.topsante.com\/nutrition_et_recettes\/risques_sante\/les-scientifiques-sonnent-de-nouveau-lalerte-concernant-ces-boissons-elles-augmentent-le-risque-de-diabete-922769?utm_campaign=partenariat&amp;utm_source=yahoo-articles&amp;utm_medium=flux\" rel=\"nofollow noopener\" target=\"_blank\" data-ylk=\"slk:Les scientifiques sonnent de nouveau l\u2019alerte concernant ces boissons : elles augmentent le risque de diab\u00e8te;elm:context_link;itc:0;sec:content-canvas\" class=\"link \">Les scientifiques sonnent de nouveau l\u2019alerte concernant ces boissons : elles augmentent le risque de diab\u00e8te<\/a><br \/><a href=\"https:\/\/www.topsante.com\/medecine\/cancers\/ce-simple-test-sanguin-pourrait-detecter-10-types-de-cancers-a-un-stade-precoce-922815?utm_campaign=partenariat&amp;utm_source=yahoo-articles&amp;utm_medium=flux\" rel=\"nofollow noopener\" target=\"_blank\" data-ylk=\"slk:Ce simple test sanguin pourrait d\u00e9tecter 10 types de cancers \u00e0 un stade pr\u00e9coce;elm:context_link;itc:0;sec:content-canvas\" class=\"link \">Ce simple test sanguin pourrait d\u00e9tecter 10 types de cancers \u00e0 un stade pr\u00e9coce<\/a><br \/><a href=\"https:\/\/www.topsante.com\/medecine\/cancers\/cancer_colorectal\/un-medecin-accuse-cet-aliment-de-causer-des-cancers-du-colon-cette-semaine-jai-vu-des-patients-da-peine-16-ans-922809?utm_campaign=partenariat&amp;utm_source=yahoo-articles&amp;utm_medium=flux\" rel=\"nofollow noopener\" target=\"_blank\" data-ylk=\"slk:Un m\u00e9decin accuse cet aliment de causer des cancers du c\u00f4lon : &quot;Cette semaine, j&#039;ai vu des patients d\u2019\u00e0 peine 16 ans&quot;;elm:context_link;itc:0;sec:content-canvas\" class=\"link \">Un m\u00e9decin accuse cet aliment de causer des cancers du c\u00f4lon : \u00ab\u00a0Cette semaine, j&rsquo;ai vu des patients d\u2019\u00e0 peine 16 ans\u00a0\u00bb<\/a><br \/><a href=\"https:\/\/www.topsante.com\/nutrition_et_recettes\/bien_choisir_ses_aliments\/il-y-a-5-marques-de-pain-de-mie-a-eviter-au-supermarche-selon-60-millions-de-consommateurs-909650?utm_campaign=partenariat&amp;utm_source=yahoo-articles&amp;utm_medium=flux\" rel=\"nofollow noopener\" target=\"_blank\" data-ylk=\"slk:Il y a 5 marques de pain de mie \u00e0 \u00e9viter au supermarch\u00e9 selon 60 Millions de consommateurs;elm:context_link;itc:0;sec:content-canvas\" class=\"link \">Il y a 5 marques de pain de mie \u00e0 \u00e9viter au supermarch\u00e9 selon 60 Millions de consommateurs<\/a><\/p>\n","protected":false},"excerpt":{"rendered":"Un r\u00e9cent article paru sur le Times of India rappelle quels sont les sympt\u00f4mes qui peuvent indiquer que&hellip;\n","protected":false},"author":2,"featured_media":292628,"comment_status":"","ping_status":"","sticky":false,"template":"","format":"standard","meta":{"footnotes":""},"categories":[10],"tags":[1011,27,72,71],"class_list":{"0":"post-292627","1":"post","2":"type-post","3":"status-publish","4":"format-standard","5":"has-post-thumbnail","7":"category-sante","8":"tag-fr","9":"tag-france","10":"tag-health","11":"tag-sante"},"share_on_mastodon":{"url":"https:\/\/pubeurope.com\/@fr\/114962419203639490","error":""},"_links":{"self":[{"href":"https:\/\/www.europesays.com\/fr\/wp-json\/wp\/v2\/posts\/292627","targetHints":{"allow":["GET"]}}],"collection":[{"href":"https:\/\/www.europesays.com\/fr\/wp-json\/wp\/v2\/posts"}],"about":[{"href":"https:\/\/www.europesays.com\/fr\/wp-json\/wp\/v2\/types\/post"}],"author":[{"embeddable":true,"href":"https:\/\/www.europesays.com\/fr\/wp-json\/wp\/v2\/users\/2"}],"replies":[{"embeddable":true,"href":"https:\/\/www.europesays.com\/fr\/wp-json\/wp\/v2\/comments?post=292627"}],"version-history":[{"count":0,"href":"https:\/\/www.europesays.com\/fr\/wp-json\/wp\/v2\/posts\/292627\/revisions"}],"wp:featuredmedia":[{"embeddable":true,"href":"https:\/\/www.europesays.com\/fr\/wp-json\/wp\/v2\/media\/292628"}],"wp:attachment":[{"href":"https:\/\/www.europesays.com\/fr\/wp-json\/wp\/v2\/media?parent=292627"}],"wp:term":[{"taxonomy":"category","embeddable":true,"href":"https:\/\/www.europesays.com\/fr\/wp-json\/wp\/v2\/categories?post=292627"},{"taxonomy":"post_tag","embeddable":true,"href":"https:\/\/www.europesays.com\/fr\/wp-json\/wp\/v2\/tags?post=292627"}],"curies":[{"name":"wp","href":"https:\/\/api.w.org\/{rel}","templated":true}]}}