{"id":292637,"date":"2025-08-03T02:18:12","date_gmt":"2025-08-03T02:18:12","guid":{"rendered":"https:\/\/www.europesays.com\/fr\/292637\/"},"modified":"2025-08-03T02:18:12","modified_gmt":"2025-08-03T02:18:12","slug":"trois-morts-dans-des-frappes-sur-la-russie-et-une-journaliste-ukrainienne-decoree-a-titre-posthume","status":"publish","type":"post","link":"https:\/\/www.europesays.com\/fr\/292637\/","title":{"rendered":"Trois morts dans des frappes sur la Russie et une journaliste ukrainienne d\u00e9cor\u00e9e \u00e0 titre posthume"},"content":{"rendered":"<p>Vous avez rat\u00e9 les derniers \u00e9v\u00e9nements sur la <a href=\"https:\/\/www.20minutes.fr\/monde\/ukraine\/\" class=\"color-ultramarine c-link\" target=\"_blank\" rel=\"noopener\">guerre en Ukraine\u00a0<\/a>? <a href=\"https:\/\/www.20minutes.fr\/\" class=\"color-ultramarine c-link\" target=\"_blank\" rel=\"noopener\">20 Minutes<\/a> fait le point pour vous tous les soirs. Voici l\u2019essentiel de ce samedi 2\u00a0ao\u00fbt, au 1.256e jour du conflit.<\/p>\n<p>Le fait du jour<\/p>\n<p>Le pr\u00e9sident <a href=\"https:\/\/www.20minutes.fr\/monde\/volodymyr-zelensky\/\" target=\"_blank\" class=\"color-ultramarine c-link\" rel=\"noopener\">Volodymyr Zelensky<\/a> a annonc\u00e9 ce samedi <a href=\"https:\/\/x.com\/ZelenskyyUa\/status\/1951547768641642967\" target=\"_blank\" class=\"color-ultramarine c-link\">sur ses r\u00e9seaux sociaux<\/a> d\u00e9cerner \u00e0 titre posthume l\u2019Ordre de la libert\u00e9 \u00e0 la journaliste Viktoriia Roshchyna, lui adressant \u00ab\u00a0honneur et m\u00e9moire \u00e9ternelle\u00a0\u00bb. \u00ab\u00a0Viktoriia \u00e9tait de ceux qui disaient la v\u00e9rit\u00e9 sur la guerre. Elle travaillait sur les lignes de front et dans les territoires occup\u00e9s temporairement, risquant sa vie\u00a0\u00bb, a-t-il salu\u00e9.<\/p>\n<p>La journaliste d\u2019investigation \u00e9tait d\u00e9tenue en <a href=\"https:\/\/www.20minutes.fr\/monde\/russie\/\" target=\"_blank\" class=\"color-ultramarine c-link\" rel=\"noopener\">Russie <\/a>depuis sa disparition en\u00a02023 dans la r\u00e9gion de Zaporijia, occup\u00e9e par Moscou. Sa mort a \u00e9t\u00e9 annonc\u00e9e en septembre\u00a02024, alors qu\u2019elle devait \u00eatre lib\u00e9r\u00e9e dans le cadre d\u2019un \u00e9change de prisonniers. Son corps, rendu \u00e0 l\u2019Ukraine en f\u00e9vrier dernier, \u00ab\u00a0pr\u00e9sentait de nombreux signes de torture\u00a0\u00bb, a rappel\u00e9 le pr\u00e9sident ukrainien ce samedi.<\/p>\n<\/p>\n<p>Le chiffre du jour<\/p>\n<p>3. C\u2019est le nombre de morts en Russie lors de frappes de drones ukrainiennes durant la nuit de vendredi \u00e0 samedi, ont indiqu\u00e9 les autorit\u00e9s locales. L\u2019arm\u00e9e russe a annonc\u00e9 avoir intercept\u00e9 au total 112 drones tir\u00e9s par l\u2019Ukraine pendant la nuit.<\/p>\n<p>Fait rare, une des victimes, \u00ab\u00a0un homme \u00e2g\u00e9\u00a0\u00bb, a \u00e9t\u00e9 recens\u00e9e dans la r\u00e9gion de Samara, sur la Volga, \u00e0 environ 800\u00a0km de la fronti\u00e8re ukrainienne, selon le gouverneur r\u00e9gional Viatcheslav Fedorichtchev. \u00ab\u00a0Il se trouvait \u00e0 l\u2019int\u00e9rieur d\u2019une maison de campagne qui a pris feu en raison de la chute de d\u00e9bris de drones\u00a0\u00bb, a-t-il pr\u00e9cis\u00e9 sur Telegram.<\/p>\n<p>Les deux autres victimes sont une femme dans la r\u00e9gion de Penza, situ\u00e9e entre Samara et la fronti\u00e8re ukrainienne, et \u00ab\u00a0un employ\u00e9\u00a0\u00bb dans un site industriel o\u00f9 un incendie s\u2019est d\u00e9clar\u00e9, dans la r\u00e9gion de Rostov, elle aussi frontali\u00e8re de l\u2019Ukraine.<\/p>\n<p>La tendance du jour<\/p>\n<p>Au lendemain des tensions entre la Russie et les <a href=\"https:\/\/www.20minutes.fr\/monde\/etats-unis\/\" target=\"_blank\" class=\"color-ultramarine c-link\" rel=\"noopener\">Etats-Unis<\/a>, qui ont annonc\u00e9 le d\u00e9ploiement de deux sous-marins nucl\u00e9aires, focus sur un homme et son tournant provocateur\u00a0: <a href=\"https:\/\/www.20minutes.fr\/monde\/dmitri_medvedev\/\" target=\"_blank\" class=\"color-ultramarine c-link\" rel=\"noopener\">Dmitri Medvedev<\/a>. Il y a quelques ann\u00e9es encore, l\u2019ancien pr\u00e9sident russe passait pour un r\u00e9formateur lib\u00e9ral au <a href=\"https:\/\/www.20minutes.fr\/dossier\/kremlin\" target=\"_blank\" class=\"color-ultramarine c-link\" rel=\"noopener\">Kremlin<\/a>. Mais l\u2019homme politique se distingue depuis le d\u00e9but de l\u2019invasion en Ukraine par ses sorties provocatrices, qui ont fini par d\u00e9clencher la col\u00e8re de <a href=\"https:\/\/www.20minutes.fr\/dossier\/donald_trump\" target=\"_blank\" class=\"color-ultramarine c-link\" rel=\"noopener\">Donald Trump<\/a>.<\/p>\n<p>Sur ses comptes Telegram et X, l\u2019ancien chef d\u2019Etat (2008-2012) et Premier ministre (2012-2020) utilise des qualificatifs orduriers plut\u00f4t que de nommer le pr\u00e9sident ukrainien Volodymyr Zelensky, se d\u00e9lecte d\u2019un suppos\u00e9 d\u00e9clin des Europ\u00e9ens et, r\u00e9guli\u00e8rement, brandit le spectre d\u2019une guerre nucl\u00e9aire destructrice avec les Occidentaux.<\/p>\n<p>Des propos qui ont fini par irriter Donald Trump qui, contrairement au ton mesur\u00e9 employ\u00e9 envers <a href=\"https:\/\/www.20minutes.fr\/monde\/vladimir_poutine\/\" target=\"_blank\" class=\"color-ultramarine c-link\" rel=\"noopener\">Vladimir Poutine<\/a>, l\u2019a vivement pris \u00e0 partie vendredi en annon\u00e7ant avoir \u00ab\u00a0ordonn\u00e9 que deux sous-marins nucl\u00e9aires soient positionn\u00e9s dans les zones appropri\u00e9es, au cas o\u00f9 ces d\u00e9clarations idiotes et incendiaires soient plus s\u00e9rieuses que cela\u00a0\u00bb.<\/p>\n<p><a href=\"https:\/\/www.20minutes.fr\/monde\/ukraine\/\" target=\"_blank\" class=\"c-link c-btn c-btn--primary\" rel=\"noopener\">Notre dossier sur la guerre en Ukraine<\/a><\/p>\n<p>Une d\u00e9cision qui a fait suite \u00e0 des \u00e9changes par r\u00e9seaux interpos\u00e9s durant lesquels Dmitri Medvedev avait fustig\u00e9 Donald Trump en citant \u00ab\u00a0la fameuse \u00ab\u00a0main morte\u00a0\u00bb\u00a0\u00bb, une allusion \u00e0 un syst\u00e8me automatis\u00e9 ultrasecret mis en place par l\u2019Union sovi\u00e9tique pendant la <a href=\"https:\/\/www.20minutes.fr\/dossier\/guerre_froide\" target=\"_blank\" class=\"color-ultramarine c-link\" rel=\"noopener\">guerre froide<\/a> pour prendre le contr\u00f4le de son arsenal nucl\u00e9aire en cas de destruction de sa cha\u00eene de commandement.<\/p>\n","protected":false},"excerpt":{"rendered":"Vous avez rat\u00e9 les derniers \u00e9v\u00e9nements sur la guerre en Ukraine\u00a0? 20 Minutes fait le point pour vous&hellip;\n","protected":false},"author":2,"featured_media":292638,"comment_status":"","ping_status":"","sticky":false,"template":"","format":"standard","meta":{"footnotes":""},"categories":[5],"tags":[47,11,564,1011,27,131,14,74,12,132,935,135,134,28],"class_list":{"0":"post-292637","1":"post","2":"type-post","3":"status-publish","4":"format-standard","5":"has-post-thumbnail","7":"category-international","8":"tag-actualite","9":"tag-actualites","10":"tag-drone","11":"tag-fr","12":"tag-france","13":"tag-guerre-en-ukraine","14":"tag-international","15":"tag-monde","16":"tag-news","17":"tag-russie","18":"tag-seconde-guerre-mondiale","19":"tag-vladimir-poutine","20":"tag-volodymyr-zelensky","21":"tag-world"},"share_on_mastodon":{"url":"https:\/\/pubeurope.com\/@fr\/114962438828783807","error":""},"_links":{"self":[{"href":"https:\/\/www.europesays.com\/fr\/wp-json\/wp\/v2\/posts\/292637","targetHints":{"allow":["GET"]}}],"collection":[{"href":"https:\/\/www.europesays.com\/fr\/wp-json\/wp\/v2\/posts"}],"about":[{"href":"https:\/\/www.europesays.com\/fr\/wp-json\/wp\/v2\/types\/post"}],"author":[{"embeddable":true,"href":"https:\/\/www.europesays.com\/fr\/wp-json\/wp\/v2\/users\/2"}],"replies":[{"embeddable":true,"href":"https:\/\/www.europesays.com\/fr\/wp-json\/wp\/v2\/comments?post=292637"}],"version-history":[{"count":0,"href":"https:\/\/www.europesays.com\/fr\/wp-json\/wp\/v2\/posts\/292637\/revisions"}],"wp:featuredmedia":[{"embeddable":true,"href":"https:\/\/www.europesays.com\/fr\/wp-json\/wp\/v2\/media\/292638"}],"wp:attachment":[{"href":"https:\/\/www.europesays.com\/fr\/wp-json\/wp\/v2\/media?parent=292637"}],"wp:term":[{"taxonomy":"category","embeddable":true,"href":"https:\/\/www.europesays.com\/fr\/wp-json\/wp\/v2\/categories?post=292637"},{"taxonomy":"post_tag","embeddable":true,"href":"https:\/\/www.europesays.com\/fr\/wp-json\/wp\/v2\/tags?post=292637"}],"curies":[{"name":"wp","href":"https:\/\/api.w.org\/{rel}","templated":true}]}}