{"id":292646,"date":"2025-08-03T02:32:48","date_gmt":"2025-08-03T02:32:48","guid":{"rendered":"https:\/\/www.europesays.com\/fr\/292646\/"},"modified":"2025-08-03T02:32:48","modified_gmt":"2025-08-03T02:32:48","slug":"coupe-du-monde-feminine-les-bleues-avec-cinq-amazones-du-fcg-et-une-savoyarde-mais-sans-emeline-gros","status":"publish","type":"post","link":"https:\/\/www.europesays.com\/fr\/292646\/","title":{"rendered":"Coupe du monde f\u00e9minine. Les Bleues avec cinq Amazones du FCG et une Savoyarde mais sans Emeline Gros"},"content":{"rendered":"<p class=\"insetTitle\">Le groupe des 32 Bleues<\/p>\n<p>            Les avants (19)<\/p>\n<p>Makarita Baleinadogo (Stade Bordelais, 23 ans, 0 s\u00e9lection), Rose Bernadou (Montpellier HR, 25 ans, 21 s\u00e9lections), Axelle Berthoumieu (Stade Bordelais, 25 ans, 22 s\u00e9lections), Manon Bigot (Blagnac RF, 35 ans, 13 s\u00e9lections), Yllana Brosseau (ASM Romagnat, 24 ans, 21 s\u00e9lections), L\u00e9a Champon (FC Grenoble Amazones, 22 ans, 8 s\u00e9lections), Khoudedia Cissokho (Stade Bordelais, 26 ans, 0 s\u00e9lection), Annabelle Deshaye (Stade Bordelais, 29 ans, 48 s\u00e9lections), Charlotte Escudero (Stade Toulousain, 24 ans, 26 s\u00e9lections), Madoussou Fall Raclot (Stade Bordelais, 27 ans, 39 s\u00e9lections), Manae Feleu (FC Grenoble Amazones, 25 ans, 26 s\u00e9lections), T\u00e9ani Feleu (FC Grenoble Amazones, 22 ans, 12 s\u00e9lections), Agathe G\u00e9rin (n\u00e9e Sochat) (Stade Bordelais, 30 ans, 57 s\u00e9lections), Hina Ikahehegi (Stade Bordelais, 22 ans, 3 s\u00e9lections), Assia Khalfaoui (ASM Romagnat, 24 ans, 30 s\u00e9lections), Ta\u00efna Maka (FC Grenoble Amazones, 20 ans, 1 s\u00e9lection), Marie Morland (LOU Rugby, 19 ans, 0 s\u00e9lection), S\u00e9raphine Okemba (LOU Rugby, 29 ans, 8 s\u00e9lections), \u00c9lisa Riffonneau (FC Grenoble Amazones, 21 ans, 16 s\u00e9lections)<\/p>\n<p>Les arri\u00e8res (13)<\/p>\n<p>Kelly Arbey (Stade Toulousain, 20 ans, 5 s\u00e9lections), Carla Arbez (Stade Bordelais, 26 ans, 12 s\u00e9lections), Emilie Boulard (Blagnac RF, 25 ans, 36 s\u00e9lections), Pauline Bourdon Sansus (Stade Toulousain, 29 ans, 66 s\u00e9lections), Morgane Bourgeois (Stade Bordelais, 22 ans, 13 s\u00e9lections), Alexandra Chambon (ASM Romagnat, 25 ans, 29 s\u00e9lections), Joanna Grisez (Stade Bordelais, 28 ans, 5 s\u00e9lections), Nassira Konde (Stade Bordelais, 26 ans, 16 s\u00e9lections), Marine M\u00e9nager (Montpellier HR, 29 ans, 57 s\u00e9lections), Carla Neisen (Blagnac RF, 29 ans, 21 s\u00e9lections), Lina Queyroi (Stade Toulousain, 24 ans, 22 s\u00e9lections), Lina Tuy (ASM Romagnat, 20 ans, 7 s\u00e9lections), Gabrielle Vernier (Blagnac RF, 28 ans, 52 s\u00e9lections)<\/p>\n","protected":false},"excerpt":{"rendered":"Le groupe des 32 Bleues Les avants (19) Makarita Baleinadogo (Stade Bordelais, 23 ans, 0 s\u00e9lection), Rose Bernadou&hellip;\n","protected":false},"author":2,"featured_media":292647,"comment_status":"","ping_status":"","sticky":false,"template":"","format":"standard","meta":{"footnotes":""},"categories":[9566],"tags":[1111,11,2430,39070,7001,112,1777,674,2727,107,1701,1011,27,329,2731,2732,108,20621,12,25,479,5508,517],"class_list":{"0":"post-292646","1":"post","2":"type-post","3":"status-publish","4":"format-standard","5":"has-post-thumbnail","7":"category-grenoble","8":"tag-actu","9":"tag-actualites","10":"tag-auvergne-rhone-alpes","11":"tag-coupe-du-monde-de-rugby","12":"tag-edition-chambery-aix-les-bains","13":"tag-edition-grenoble-agglomeration","14":"tag-eu","15":"tag-europe","16":"tag-fcg-fc-grenoble-rugby","17":"tag-fil-info","18":"tag-fil-info-sport","19":"tag-fr","20":"tag-france","21":"tag-france-monde","22":"tag-grenoble","23":"tag-grenoble-bassin","24":"tag-isere","25":"tag-montmelian","26":"tag-news","27":"tag-republique-francaise","28":"tag-rugby","29":"tag-savoie","30":"tag-sport"},"share_on_mastodon":{"url":"https:\/\/pubeurope.com\/@fr\/114962497690026025","error":""},"_links":{"self":[{"href":"https:\/\/www.europesays.com\/fr\/wp-json\/wp\/v2\/posts\/292646","targetHints":{"allow":["GET"]}}],"collection":[{"href":"https:\/\/www.europesays.com\/fr\/wp-json\/wp\/v2\/posts"}],"about":[{"href":"https:\/\/www.europesays.com\/fr\/wp-json\/wp\/v2\/types\/post"}],"author":[{"embeddable":true,"href":"https:\/\/www.europesays.com\/fr\/wp-json\/wp\/v2\/users\/2"}],"replies":[{"embeddable":true,"href":"https:\/\/www.europesays.com\/fr\/wp-json\/wp\/v2\/comments?post=292646"}],"version-history":[{"count":0,"href":"https:\/\/www.europesays.com\/fr\/wp-json\/wp\/v2\/posts\/292646\/revisions"}],"wp:featuredmedia":[{"embeddable":true,"href":"https:\/\/www.europesays.com\/fr\/wp-json\/wp\/v2\/media\/292647"}],"wp:attachment":[{"href":"https:\/\/www.europesays.com\/fr\/wp-json\/wp\/v2\/media?parent=292646"}],"wp:term":[{"taxonomy":"category","embeddable":true,"href":"https:\/\/www.europesays.com\/fr\/wp-json\/wp\/v2\/categories?post=292646"},{"taxonomy":"post_tag","embeddable":true,"href":"https:\/\/www.europesays.com\/fr\/wp-json\/wp\/v2\/tags?post=292646"}],"curies":[{"name":"wp","href":"https:\/\/api.w.org\/{rel}","templated":true}]}}