{"id":292668,"date":"2025-08-03T02:51:32","date_gmt":"2025-08-03T02:51:32","guid":{"rendered":"https:\/\/www.europesays.com\/fr\/292668\/"},"modified":"2025-08-03T02:51:32","modified_gmt":"2025-08-03T02:51:32","slug":"ce-restaurant-de-la-guillotiere-a-lyon-puni-par-la-prefecture","status":"publish","type":"post","link":"https:\/\/www.europesays.com\/fr\/292668\/","title":{"rendered":"ce restaurant de la Guilloti\u00e8re \u00e0 Lyon puni par la pr\u00e9fecture"},"content":{"rendered":"<p itemprop=\"description\"><strong>Il y a eu un premier avertissement.<\/strong><\/p>\n<p>Et \u00e0 la seconde intervention des forces de l&rsquo;ordre, le restaurant Mbandaka de la rue S\u00e9bastien-Gryphe \u00e0 Lyon a \u00e9t\u00e9 oblig\u00e9 de fermer ses portes. Une fermeture administrative de 2 semaines qui punit l&rsquo;\u00e9tablissement congolais apr\u00e8s plusieurs plaintes du voisinage.<\/p>\n<p>Des groupes de clients buvaient de l&rsquo;alcool tard le soir, en dehors des horaires d&rsquo;ouverture de la cuisine, et commettaient des tapages nocturnes r\u00e9currents.<\/p>\n<p>Pour cette activit\u00e9 illicite de bar, le Mbandaka doit encore rester ferm\u00e9 une semaine.<\/p>\n<blockquote class=\"twitter-tweet\"><p>&#13;<\/p>\n<p dir=\"ltr\" lang=\"fr\">\u274c La pr\u00e9f\u00e8te du Rh\u00f4ne a proc\u00e9d\u00e9 \u00e0 la fermeture administrative de l&rsquo;\u00e9tablissement \u00ab\u00a0MBANDAKA\u00a0\u00bb (Lyon 7e) pour une dur\u00e9e de 15 jours en raison de s\u00e9curit\u00e9 et tranquillit\u00e9 publiques : <br \/>\u27a1\ufe0f Tapage nocturne r\u00e9p\u00e9t\u00e9 <br \/>\u27a1\ufe0f Ouverture d&rsquo;un d\u00e9bit de boissons illicite <a href=\"https:\/\/t.co\/Ic9hXxTCN8\" rel=\"nofollow\">pic.twitter.com\/Ic9hXxTCN8<\/a><\/p>\n<p>&#13;<br \/>\n\u2014 Pr\u00e9f\u00e8te de r\u00e9gion Auvergne-Rh\u00f4ne-Alpes et du Rh\u00f4ne (@prefetrhone) <a href=\"https:\/\/twitter.com\/prefetrhone\/status\/1950936364007977173?ref_src=twsrc%5Etfw\" rel=\"nofollow noopener\" target=\"_blank\">July 31, 2025<\/a><\/p><\/blockquote>\n<p>\t\t  <script async src=\"https:\/\/platform.twitter.com\/widgets.js\" charset=\"utf-8\"><\/script><\/p>\n","protected":false},"excerpt":{"rendered":"Il y a eu un premier avertissement. Et \u00e0 la seconde intervention des forces de l&rsquo;ordre, le restaurant&hellip;\n","protected":false},"author":2,"featured_media":292669,"comment_status":"","ping_status":"","sticky":false,"template":"","format":"standard","meta":{"footnotes":""},"categories":[1889],"tags":[1111,11,2813,2190,2430,1109,251,1112,2811,1777,674,118,1011,27,1922,1110,1114,2428,2810,12,241,316,25,2812,517,800],"class_list":{"0":"post-292668","1":"post","2":"type-post","3":"status-publish","4":"format-standard","5":"has-post-thumbnail","7":"category-lyon","8":"tag-actu","9":"tag-actualites","10":"tag-article","11":"tag-asvel","12":"tag-auvergne-rhone-alpes","13":"tag-breves","14":"tag-culture","15":"tag-depeches","16":"tag-economique","17":"tag-eu","18":"tag-europe","19":"tag-faits-divers","20":"tag-fr","21":"tag-france","22":"tag-info","23":"tag-informations","24":"tag-infos","25":"tag-lyon","26":"tag-lyonmag","27":"tag-news","28":"tag-ol","29":"tag-politique","30":"tag-republique-francaise","31":"tag-sociale","32":"tag-sport","33":"tag-transports"},"share_on_mastodon":{"url":"https:\/\/pubeurope.com\/@fr\/114962568621883693","error":""},"_links":{"self":[{"href":"https:\/\/www.europesays.com\/fr\/wp-json\/wp\/v2\/posts\/292668","targetHints":{"allow":["GET"]}}],"collection":[{"href":"https:\/\/www.europesays.com\/fr\/wp-json\/wp\/v2\/posts"}],"about":[{"href":"https:\/\/www.europesays.com\/fr\/wp-json\/wp\/v2\/types\/post"}],"author":[{"embeddable":true,"href":"https:\/\/www.europesays.com\/fr\/wp-json\/wp\/v2\/users\/2"}],"replies":[{"embeddable":true,"href":"https:\/\/www.europesays.com\/fr\/wp-json\/wp\/v2\/comments?post=292668"}],"version-history":[{"count":0,"href":"https:\/\/www.europesays.com\/fr\/wp-json\/wp\/v2\/posts\/292668\/revisions"}],"wp:featuredmedia":[{"embeddable":true,"href":"https:\/\/www.europesays.com\/fr\/wp-json\/wp\/v2\/media\/292669"}],"wp:attachment":[{"href":"https:\/\/www.europesays.com\/fr\/wp-json\/wp\/v2\/media?parent=292668"}],"wp:term":[{"taxonomy":"category","embeddable":true,"href":"https:\/\/www.europesays.com\/fr\/wp-json\/wp\/v2\/categories?post=292668"},{"taxonomy":"post_tag","embeddable":true,"href":"https:\/\/www.europesays.com\/fr\/wp-json\/wp\/v2\/tags?post=292668"}],"curies":[{"name":"wp","href":"https:\/\/api.w.org\/{rel}","templated":true}]}}