{"id":292672,"date":"2025-08-03T02:55:11","date_gmt":"2025-08-03T02:55:11","guid":{"rendered":"https:\/\/www.europesays.com\/fr\/292672\/"},"modified":"2025-08-03T02:55:11","modified_gmt":"2025-08-03T02:55:11","slug":"le-nombre-de-noyades-en-hausse-comment-les-eviter","status":"publish","type":"post","link":"https:\/\/www.europesays.com\/fr\/292672\/","title":{"rendered":"le nombre de noyades en hausse, comment les \u00e9viter ?"},"content":{"rendered":"<p>            lire plus tard<\/p>\n<p id=\"dialog__title\" class=\"dialog__title\">Pour sauvegarder cet article, connectez-vous ou cr\u00e9ez un compte franceinfo<\/p>\n<p class=\"dialog__description\">Sans paiement. Sans abonnement.<\/p>\n<p>        Fermer la fen\u00eatre d\u2019activation des notifications France Info<\/p>\n<p>            cr\u00e9er votre compte<\/p>\n<p>            se connecter<\/p>\n<p>        Fermer la fen\u00eatre de pr\u00e9sentation<\/p>\n<p>    Publi\u00e9 le 02\/08\/2025 20:51<\/p>\n<p>        Temps de lecture : 1min &#8211; vid\u00e9o : 2min<\/p>\n<p>    <img decoding=\"async\" class=\"francetv-player-wrapper__image\" alt=\"Vacances : le nombre de noyades en hausse, comment les \u00e9viter ?\"  width=\"432\" height=\"243\" src=\"https:\/\/www.europesays.com\/fr\/wp-content\/uploads\/2025\/08\/video-15-688e5bbedd3f9679128496.jpg\" fetchpriority=\"high\"\/><\/p>\n<p>              Vacances : le nombre de noyades en hausse, comment les \u00e9viter ?<br \/>\n                    (France 2)<\/p>\n<p>      2min<\/p>\n<p class=\"c-chapo \">\n  Le nombre de morts par noyade est en forte hausse, +45 % par rapport \u00e0 l\u2019ann\u00e9e derni\u00e8re. 193 personnes sont mortes noy\u00e9es depuis le 1er juin. Comment les \u00e9viter ?\n<\/p>\n<p><strong>Ce texte correspond \u00e0 une partie de la retranscription du reportage ci-dessus. Cliquez sur la vid\u00e9o pour la regarder en int\u00e9gralit\u00e9.<\/strong><\/p>\n<p>Difficile pour Dylan, p\u00e8re de famille, de se d\u00e9tendre. M\u00eame en vacances, il ne quitte pas son fils des yeux. En plein \u00e9t\u00e9, les plages se remplissent d\u00e8s les premi\u00e8res heures du jour. Les sauveteurs sont attentifs, pr\u00eats \u00e0 intervenir au moindre signe d&rsquo;un d\u00e9but de <a href=\"https:\/\/www.franceinfo.fr\/faits-divers\/noyades\/\" rel=\"nofollow noopener\" target=\"_blank\">noyade<\/a>. \u00ab\u00a0On va faire attention aux personnes qui vacillent un peu, qui ont peut-\u00eatre un d\u00e9but de malaise, qui ont du mal \u00e0 se d\u00e9placer et celles qui vont nager loin aussi parce qu&rsquo;on n&rsquo;est pas \u00e0 l&rsquo;abri d&rsquo;une crampe ou d&rsquo;un malaise\u00a0\u00bb, d\u00e9taille Lola Barbier, ma\u00eetre-nageur sauveteur.<\/p>\n<p>Une vigilance n\u00e9cessaire. Depuis d\u00e9but juin, 193 personnes sont mortes noy\u00e9es, soit une hausse de 45 % par rapport \u00e0 l&rsquo;ann\u00e9e derni\u00e8re. Alors, pour y rem\u00e9dier, des cours de natation gratuits sont dispens\u00e9s dans des bassins sp\u00e9cialement am\u00e9nag\u00e9s.\u00a0<\/p>\n<p>L&rsquo;objectif : donner aux petits les premiers r\u00e9flexes en cas de difficult\u00e9 lors des baignades. \u00ab\u00a0Souvent, les enfants ont la phobie de l&rsquo;eau. \u00c7a, on leur enl\u00e8ve. Ensuite, le but, c&rsquo;est tout simplement de leur apprendre \u00e0 nager et qu&rsquo;ils puissent se d\u00e9placer tout seuls et se mettre en s\u00e9curit\u00e9\u00a0\u00bb, explique Elias Boukhedimi, ma\u00eetre-nageur \u00e0 l\u2019association Le Grand Bleu. Un dispositif qui s\u00e9duit : 2 000 enfants sont inscrits \u00e0 ces cours cette ann\u00e9e.<\/p>\n<p class=\"related-tags__title\" role=\"heading\" aria-level=\"2\">les mots-cl\u00e9s associ\u00e9s \u00e0 cet article\n    <\/p>\n","protected":false},"excerpt":{"rendered":"lire plus tard Pour sauvegarder cet article, connectez-vous ou cr\u00e9ez un compte franceinfo Sans paiement. Sans abonnement. Fermer&hellip;\n","protected":false},"author":2,"featured_media":292673,"comment_status":"","ping_status":"","sticky":false,"template":"","format":"standard","meta":{"footnotes":""},"categories":[1888],"tags":[1111,1928,11,1927,1777,674,1011,27,12,1926,626,1925,25],"class_list":{"0":"post-292672","1":"post","2":"type-post","3":"status-publish","4":"format-standard","5":"has-post-thumbnail","7":"category-paris","8":"tag-actu","9":"tag-actu-paris","10":"tag-actualites","11":"tag-actualites-paris","12":"tag-eu","13":"tag-europe","14":"tag-fr","15":"tag-france","16":"tag-news","17":"tag-news-paris","18":"tag-paris","19":"tag-paris-news","20":"tag-republique-francaise"},"share_on_mastodon":{"url":"https:\/\/pubeurope.com\/@fr\/114962584292312332","error":""},"_links":{"self":[{"href":"https:\/\/www.europesays.com\/fr\/wp-json\/wp\/v2\/posts\/292672","targetHints":{"allow":["GET"]}}],"collection":[{"href":"https:\/\/www.europesays.com\/fr\/wp-json\/wp\/v2\/posts"}],"about":[{"href":"https:\/\/www.europesays.com\/fr\/wp-json\/wp\/v2\/types\/post"}],"author":[{"embeddable":true,"href":"https:\/\/www.europesays.com\/fr\/wp-json\/wp\/v2\/users\/2"}],"replies":[{"embeddable":true,"href":"https:\/\/www.europesays.com\/fr\/wp-json\/wp\/v2\/comments?post=292672"}],"version-history":[{"count":0,"href":"https:\/\/www.europesays.com\/fr\/wp-json\/wp\/v2\/posts\/292672\/revisions"}],"wp:featuredmedia":[{"embeddable":true,"href":"https:\/\/www.europesays.com\/fr\/wp-json\/wp\/v2\/media\/292673"}],"wp:attachment":[{"href":"https:\/\/www.europesays.com\/fr\/wp-json\/wp\/v2\/media?parent=292672"}],"wp:term":[{"taxonomy":"category","embeddable":true,"href":"https:\/\/www.europesays.com\/fr\/wp-json\/wp\/v2\/categories?post=292672"},{"taxonomy":"post_tag","embeddable":true,"href":"https:\/\/www.europesays.com\/fr\/wp-json\/wp\/v2\/tags?post=292672"}],"curies":[{"name":"wp","href":"https:\/\/api.w.org\/{rel}","templated":true}]}}