{"id":292674,"date":"2025-08-03T02:56:13","date_gmt":"2025-08-03T02:56:13","guid":{"rendered":"https:\/\/www.europesays.com\/fr\/292674\/"},"modified":"2025-08-03T02:56:13","modified_gmt":"2025-08-03T02:56:13","slug":"courte-defaite-a-lens-pour-les-jeunes-parisiennes","status":"publish","type":"post","link":"https:\/\/www.europesays.com\/fr\/292674\/","title":{"rendered":"Courte d\u00e9faite \u00e0 Lens pour les jeunes Parisiennes"},"content":{"rendered":"<p class=\"typography-paragraph mb-4 md:mb-6\">Pour cette premi\u00e8re sortie de la saison, Paulo C\u00e9sar alignait un onze de d\u00e9part rajeuni en raison des comp\u00e9titions internationales estivales. Entour\u00e9es par les plus exp\u00e9riment\u00e9es Katarzyna Kiedrzynek (capitaine), Eva Gaetino et Crystal Dunn, six joueuses issues du Centre de Formation du club de la capitale \u00e9taient ainsi align\u00e9e d&rsquo;entr\u00e9e\u00a0: Tara Elimbi Gilbert, Ornella Graziani, No\u00e9mie Fatier, Ana\u00efs Ebayilin, Gabrielle Le Roux et L\u00e9a Morissaint. La Norv\u00e9gienne Froya Dorsin et la Canadienne Florianne Jourde compl\u00e9taient la compo&rsquo;, cette derni\u00e8re, arriv\u00e9e cet \u00e9t\u00e9 en provenance de l&rsquo;USC Trojans (\u00c9tats-Unis), portant pour la premi\u00e8re fois le maillot rouge et bleu pour l&rsquo;occasion.<\/p>\n","protected":false},"excerpt":{"rendered":"Pour cette premi\u00e8re sortie de la saison, Paulo C\u00e9sar alignait un onze de d\u00e9part rajeuni en raison des&hellip;\n","protected":false},"author":2,"featured_media":292675,"comment_status":"","ping_status":"","sticky":false,"template":"","format":"standard","meta":{"footnotes":""},"categories":[1888],"tags":[1111,1928,11,1927,1777,674,1011,27,12,1926,626,1925,25],"class_list":{"0":"post-292674","1":"post","2":"type-post","3":"status-publish","4":"format-standard","5":"has-post-thumbnail","7":"category-paris","8":"tag-actu","9":"tag-actu-paris","10":"tag-actualites","11":"tag-actualites-paris","12":"tag-eu","13":"tag-europe","14":"tag-fr","15":"tag-france","16":"tag-news","17":"tag-news-paris","18":"tag-paris","19":"tag-paris-news","20":"tag-republique-francaise"},"share_on_mastodon":{"url":"https:\/\/pubeurope.com\/@fr\/114962588236016680","error":""},"_links":{"self":[{"href":"https:\/\/www.europesays.com\/fr\/wp-json\/wp\/v2\/posts\/292674","targetHints":{"allow":["GET"]}}],"collection":[{"href":"https:\/\/www.europesays.com\/fr\/wp-json\/wp\/v2\/posts"}],"about":[{"href":"https:\/\/www.europesays.com\/fr\/wp-json\/wp\/v2\/types\/post"}],"author":[{"embeddable":true,"href":"https:\/\/www.europesays.com\/fr\/wp-json\/wp\/v2\/users\/2"}],"replies":[{"embeddable":true,"href":"https:\/\/www.europesays.com\/fr\/wp-json\/wp\/v2\/comments?post=292674"}],"version-history":[{"count":0,"href":"https:\/\/www.europesays.com\/fr\/wp-json\/wp\/v2\/posts\/292674\/revisions"}],"wp:featuredmedia":[{"embeddable":true,"href":"https:\/\/www.europesays.com\/fr\/wp-json\/wp\/v2\/media\/292675"}],"wp:attachment":[{"href":"https:\/\/www.europesays.com\/fr\/wp-json\/wp\/v2\/media?parent=292674"}],"wp:term":[{"taxonomy":"category","embeddable":true,"href":"https:\/\/www.europesays.com\/fr\/wp-json\/wp\/v2\/categories?post=292674"},{"taxonomy":"post_tag","embeddable":true,"href":"https:\/\/www.europesays.com\/fr\/wp-json\/wp\/v2\/tags?post=292674"}],"curies":[{"name":"wp","href":"https:\/\/api.w.org\/{rel}","templated":true}]}}